{"id":529777,"date":"2025-10-27T04:58:10","date_gmt":"2025-10-27T04:58:10","guid":{"rendered":"https:\/\/www.europesays.com\/de\/529777\/"},"modified":"2025-10-27T04:58:10","modified_gmt":"2025-10-27T04:58:10","slug":"streik-geht-weiter-boeing-belegschaft-lehnt-viertes-tarifangebot-ab","status":"publish","type":"post","link":"https:\/\/www.europesays.com\/de\/529777\/","title":{"rendered":"Streik geht weiter: Boeing-Belegschaft lehnt viertes Tarifangebot ab"},"content":{"rendered":"<p>                    Streik geht weiter<br \/>\n                Boeing-Belegschaft lehnt viertes Tarifangebot ab<\/p>\n<p>\t\t\t\t              27.10.2025, 05:19 Uhr<\/p>\n<p>\t\t\t\t\t       Artikel anh\u00f6ren<\/p>\n<p>\t\t\t\t\t\t\tDiese Audioversion wurde k\u00fcnstlich generiert. <a href=\"https:\/\/www.n-tv.de\/23249898\" rel=\"nofollow noopener\" target=\"_blank\">Mehr Infos<\/a><\/p>\n<p><strong>Seit August streikt in mehreren US-Werken des Flugzeugbauers Boeing die Belegschaft f\u00fcr den Bau von Kampfjets. Auch ein viertes Angebot des Arbeitgebers lehnen die Mitarbeiter ab. Der Konzern sucht bereits Ersatzkr\u00e4fte auf dem Arbeitsmarkt. <\/strong><\/p>\n<p>Beim US-Flugzeugbauer Boeing haben mehr als 3000 seit August streikende Besch\u00e4ftigte zum vierten Mal ein Angebot des Arbeitgebers abgelehnt. &#8222;Boeing hat behauptet, sie haben ihren Angestellten zugeh\u00f6rt &#8211; das Ergebnis der heutigen Abstimmung zeigt, dass sie es nicht getan haben&#8220;, erkl\u00e4rte Brian Bryant von der Gewerkschaft IAM (International Association of Machinists). Das Angebot wurde dem Unternehmen zufolge von einer &#8222;hauchd\u00fcnnen Mehrheit von 51 Prozent&#8220; abgelehnt.<\/p>\n<p>In den Tarifverhandlungen fordern die Besch\u00e4ftigten mehrerer Kampfflugzeugwerke in den Bundesstaaten Missouri und Illinois im Mittleren Westen der USA st\u00e4rkere Lohnerh\u00f6hungen, h\u00f6here Bonuszahlungen und bessere Altersvorsorgeaufwendungen. Sie wollen mit den Boeing-Besch\u00e4ftigten in der Region Pacific Northwest gleichgestellt werden, wie die Gewerkschaft erkl\u00e4rte.<\/p>\n<p>Der Flugzeugbauer Boeing \u00e4u\u00dferte sich &#8222;entt\u00e4uscht&#8220; \u00fcber das Abstimmungsergebnis. &#8222;Angesichts des knappen Ergebnisses und des gestiegenen Interesses von Kollegen, die den Streik brechen wollen, ist klar, dass viele den Wert unseres Angebots verstehen&#8220;, sagte ein Unternehmenssprecher.<\/p>\n<p>Boeing sucht Ersatz f\u00fcr streikende Mitarbeiter<\/p>\n<p>Boeing-Vizechef Dan Gillian hatte das vorliegende Angebot zuvor gelobt. Demnach sah es einen Anstieg der L\u00f6hne um durchschnittlich 45 Prozent in einem Zeitraum von f\u00fcnf Jahren vor, diverse Pr\u00e4mien, bessere Gesundheits- und Rentenleistungen sowie mehr Urlaubstage.<\/p>\n<p>Die seit dem 4. August streikenden Angestellten arbeiten in der Produktion von F-15 und F-18-Kampfjets, eines Ausbildungssystems f\u00fcr Piloten und der Drohne MQ-25.<\/p>\n<p>Anfang September begann Boeing mit der Suche nach &#8222;dauerhaftem&#8220; Ersatz f\u00fcr die streikenden Mitarbeiter. Anfang Oktober wurde die Rekrutierung neuer Besch\u00e4ftigter auf weitere Bereiche ausgeweitet, zudem wurde die Auslagerung bestimmter Aufgaben an Drittfirmen gepr\u00fcft. &#8222;Wir konzentrieren uns nun auf die Umsetzung der n\u00e4chsten Phase unseres Notfallplans zur Unterst\u00fctzung unserer Kunden&#8220;, erkl\u00e4rte der Boeing-Sprecher.<\/p>\n","protected":false},"excerpt":{"rendered":"Streik geht weiter Boeing-Belegschaft lehnt viertes Tarifangebot ab 27.10.2025, 05:19 Uhr Artikel anh\u00f6ren Diese Audioversion wurde k\u00fcnstlich generiert.&hellip;\n","protected":false},"author":2,"featured_media":529778,"comment_status":"","ping_status":"","sticky":false,"template":"","format":"standard","meta":{"footnotes":""},"categories":[134],"tags":[3088,175,170,169,29,30,171,174,2459,9008,173,172,64,55],"class_list":{"0":"post-529777","1":"post","2":"type-post","3":"status-publish","4":"format-standard","5":"has-post-thumbnail","7":"category-unternehmen-maerkte","8":"tag-boeing","9":"tag-business","10":"tag-companies","11":"tag-companies-markets","12":"tag-deutschland","13":"tag-germany","14":"tag-markets","15":"tag-maerkte","16":"tag-streiks","17":"tag-tarifverhandlungen","18":"tag-unternehmen","19":"tag-unternehmen-maerkte","20":"tag-usa","21":"tag-wirtschaft"},"share_on_mastodon":{"url":"https:\/\/pubeurope.com\/@de\/115444364987695652","error":""},"_links":{"self":[{"href":"https:\/\/www.europesays.com\/de\/wp-json\/wp\/v2\/posts\/529777","targetHints":{"allow":["GET"]}}],"collection":[{"href":"https:\/\/www.europesays.com\/de\/wp-json\/wp\/v2\/posts"}],"about":[{"href":"https:\/\/www.europesays.com\/de\/wp-json\/wp\/v2\/types\/post"}],"author":[{"embeddable":true,"href":"https:\/\/www.europesays.com\/de\/wp-json\/wp\/v2\/users\/2"}],"replies":[{"embeddable":true,"href":"https:\/\/www.europesays.com\/de\/wp-json\/wp\/v2\/comments?post=529777"}],"version-history":[{"count":0,"href":"https:\/\/www.europesays.com\/de\/wp-json\/wp\/v2\/posts\/529777\/revisions"}],"wp:featuredmedia":[{"embeddable":true,"href":"https:\/\/www.europesays.com\/de\/wp-json\/wp\/v2\/media\/529778"}],"wp:attachment":[{"href":"https:\/\/www.europesays.com\/de\/wp-json\/wp\/v2\/media?parent=529777"}],"wp:term":[{"taxonomy":"category","embeddable":true,"href":"https:\/\/www.europesays.com\/de\/wp-json\/wp\/v2\/categories?post=529777"},{"taxonomy":"post_tag","embeddable":true,"href":"https:\/\/www.europesays.com\/de\/wp-json\/wp\/v2\/tags?post=529777"}],"curies":[{"name":"wp","href":"https:\/\/api.w.org\/{rel}","templated":true}]}}