{"id":529813,"date":"2025-10-27T05:22:09","date_gmt":"2025-10-27T05:22:09","guid":{"rendered":"https:\/\/www.europesays.com\/de\/529813\/"},"modified":"2025-10-27T05:22:09","modified_gmt":"2025-10-27T05:22:09","slug":"polizei-fasst-versehentlich-entlassenen-sexualstraftaeter","status":"publish","type":"post","link":"https:\/\/www.europesays.com\/de\/529813\/","title":{"rendered":"Polizei fasst versehentlich entlassenen Sexualstraft\u00e4ter"},"content":{"rendered":"<p>London (dpa) &#8211; Die Polizei in London hat einen versehentlich aus der Haft entlassenen Sexualstraft\u00e4ter wieder gefasst. Der Asylbewerber war im September zu einem Jahr Gef\u00e4ngnis verurteilt worden, unter anderem weil er eine 14-J\u00e4hrige sexuell bel\u00e4stigt hatte.\u00a0<\/p>\n<p>Der Mann war einem Bericht der britischen Nachrichtenagentur PA zufolge Ende Juni auf einem kleinen Boot irregul\u00e4r \u00fcber den \u00c4rmelkanal ins Land gekommen. Eigentlich sollte er in sein Heimatland abgeschoben werden, doch vor wenigen Tagen wurde er stattdessen freigelassen. Die Panne l\u00f6ste eine Gro\u00dffahndung aus.<\/p>\n<p>Premierminister Keir Starmer teilte nach der erneuten Festnahme mit, der Mann werde nun abgeschoben. Er f\u00fcgte hinzu: \u00abWir haben eine Untersuchung angeordnet, um herauszufinden, was schiefgelaufen ist. Wir m\u00fcssen sicherstellen, dass so etwas nicht noch einmal geschieht.\u00bb\u00a0<\/p>\n<p>Wochenlange Proteste vor Asylbewerberunterk\u00fcnften<\/p>\n<p>Der Fall schl\u00e4gt in britischen Medien hohe Wellen, weil Einwanderungsgegner den sexuellen \u00dcbergriff im Sommer f\u00fcr wochenlange, teils gewaltt\u00e4tige Proteste vor Asylbewerberunterk\u00fcnften genutzt hatten. Gleichzeitig wirft er ein Schlaglicht auf die hoffnungslos \u00fcberf\u00fcllten Gef\u00e4ngnisse in Gro\u00dfbritannien, in denen teils chaotische Zust\u00e4nde herrschen.<\/p>\n<p>Wie PA unter Berufung auf Beh\u00f6rdenangaben berichtete, wurden allein in England und Wales in den zw\u00f6lf Monaten bis M\u00e4rz dieses Jahres 262 H\u00e4ftlinge irrt\u00fcmlich auf freien Fu\u00df gesetzt. Das waren knapp 130 Prozent mehr als in den zw\u00f6lf Monaten zuvor. Die britische Regierung setzt seit einiger Zeit verst\u00e4rkt auf vorzeitige Entlassung von H\u00e4ftlingen, um den enormen Druck auf die Haftanstalten zu verringern.<\/p>\n","protected":false},"excerpt":{"rendered":"London (dpa) &#8211; Die Polizei in London hat einen versehentlich aus der Haft entlassenen Sexualstraft\u00e4ter wieder gefasst. Der&hellip;\n","protected":false},"author":2,"featured_media":529814,"comment_status":"","ping_status":"","sticky":false,"template":"","format":"standard","meta":{"footnotes":""},"categories":[1840],"tags":[3364,29,30,4766,177,382,1209,4418],"class_list":{"0":"post-529813","1":"post","2":"type-post","3":"status-publish","4":"format-standard","5":"has-post-thumbnail","7":"category-wuppertal","8":"tag-de","9":"tag-deutschland","10":"tag-germany","11":"tag-grobritannien","12":"tag-kriminalitt","13":"tag-migration","14":"tag-nordrhein-westfalen","15":"tag-wuppertal"},"share_on_mastodon":{"url":"","error":""},"_links":{"self":[{"href":"https:\/\/www.europesays.com\/de\/wp-json\/wp\/v2\/posts\/529813","targetHints":{"allow":["GET"]}}],"collection":[{"href":"https:\/\/www.europesays.com\/de\/wp-json\/wp\/v2\/posts"}],"about":[{"href":"https:\/\/www.europesays.com\/de\/wp-json\/wp\/v2\/types\/post"}],"author":[{"embeddable":true,"href":"https:\/\/www.europesays.com\/de\/wp-json\/wp\/v2\/users\/2"}],"replies":[{"embeddable":true,"href":"https:\/\/www.europesays.com\/de\/wp-json\/wp\/v2\/comments?post=529813"}],"version-history":[{"count":0,"href":"https:\/\/www.europesays.com\/de\/wp-json\/wp\/v2\/posts\/529813\/revisions"}],"wp:featuredmedia":[{"embeddable":true,"href":"https:\/\/www.europesays.com\/de\/wp-json\/wp\/v2\/media\/529814"}],"wp:attachment":[{"href":"https:\/\/www.europesays.com\/de\/wp-json\/wp\/v2\/media?parent=529813"}],"wp:term":[{"taxonomy":"category","embeddable":true,"href":"https:\/\/www.europesays.com\/de\/wp-json\/wp\/v2\/categories?post=529813"},{"taxonomy":"post_tag","embeddable":true,"href":"https:\/\/www.europesays.com\/de\/wp-json\/wp\/v2\/tags?post=529813"}],"curies":[{"name":"wp","href":"https:\/\/api.w.org\/{rel}","templated":true}]}}