{"id":529821,"date":"2025-10-27T05:27:17","date_gmt":"2025-10-27T05:27:17","guid":{"rendered":"https:\/\/www.europesays.com\/de\/529821\/"},"modified":"2025-10-27T05:27:17","modified_gmt":"2025-10-27T05:27:17","slug":"minister-fuer-industrie-und-handel-besorgt-ueber-die-weigerung-der-usa-die-gleichwertigkeit-von-12-vietnamesischen-fischereien-anzuerkennen","status":"publish","type":"post","link":"https:\/\/www.europesays.com\/de\/529821\/","title":{"rendered":"Minister f\u00fcr Industrie und Handel besorgt \u00fcber die Weigerung der USA, die Gleichwertigkeit von 12 vietnamesischen Fischereien anzuerkennen"},"content":{"rendered":"<p>Informationen der Abteilung f\u00fcr multilaterale Handelspolitik ( <a class=\"data-link\" data-org-href=\"https:\/\/www.vietnam.vn\/authors\/moit-gov-vn\" href=\"https:\/\/www.vietnam.vn\/authors\/moit-gov-vn\" title=\"Ministerium f\u00fcr Industrie und Handel\" target=\"_blank\" rel=\"nofollow noopener\">Ministerium f\u00fcr Industrie und Handel<\/a> ) zufolge traf sich Industrie- und Handelsminister Nguyen Hong Dien am 26. Oktober anl\u00e4sslich seiner Begleitung des Premierministers zum 47. ASEAN-Gipfel und den damit verbundenen Konferenzen in Kuala Lumpur (Malaysia) mit Jacob Helberg, dem Unterstaatssekret\u00e4r f\u00fcr Wirtschaft, Umwelt und Energie der Vereinigten Staaten, und arbeitete mit ihm zusammen.<\/p>\n<p> Bei der Arbeitssitzung diskutierten Minister Nguyen Hong Dien und Vizeminister Jacob Helberg \u00fcber <a class=\"data-link\" data-org-href=\"https:\/\/www.vietnam.vn\/category\/kinh-te\" href=\"https:\/\/www.vietnam.vn\/category\/kinh-te\" title=\"Wirtschaft\" target=\"_blank\" rel=\"nofollow noopener\">die wirtschaftliche<\/a> und handelspolitische Zusammenarbeit zwischen Vietnam und den Vereinigten Staaten sowie \u00fcber m\u00f6gliche Bereiche zwischen den beiden L\u00e4ndern.<\/p>\n<p> Beide Seiten waren sich einig, dass sich die umfassende strategische Partnerschaft zwischen Vietnam und den USA trotz vieler Schwierigkeiten weiterhin positiv entwickelt hat. Das Jahr 2025 markiert zudem das 30-j\u00e4hrige Jubil\u00e4um der Normalisierung der <a class=\"data-link\" data-org-href=\"https:\/\/www.vietnam.vn\/category\/ngoai-giao\" href=\"https:\/\/www.vietnam.vn\/category\/ngoai-giao\" title=\"diplomatisch\" target=\"_blank\" rel=\"nofollow noopener\">diplomatischen<\/a> Beziehungen (1995\u20132025) und das zweij\u00e4hrige Jubil\u00e4um der Schaffung des Rahmens f\u00fcr die umfassende strategische Partnerschaft (2023\u20132025) \u2013 ein Beweis f\u00fcr die bemerkenswerte Reife der bilateralen Beziehungen und ein Beginn einer Phase intensiverer und effektiverer Zusammenarbeit. <\/p>\n<p><img data-original=\"https:\/\/static-images.vnncdn.net\/vps_images_publish\/000001\/000003\/2025\/10\/27\/hoa-ky-775.png?width=0&amp;s=TkOappzmqQgLqqKZ8OmXXA\" class=\"lazy \"  alt=\"Vereinigte Staaten\" data-thumb-small-src=\"https:\/\/www.europesays.com\/de\/wp-content\/uploads\/2025\/10\/hoa-ky-775.png\"\/> Minister Nguyen Hong Dien empfing den US-Unterstaatssekret\u00e4r f\u00fcr Wirtschaft, Umwelt und Energie, Jacob Helberg, und arbeitete mit ihm zusammen.<\/p>\n<p> Der stellvertretende US-Au\u00dfenminister \u00e4u\u00dferte Interesse an der M\u00f6glichkeit einer Zusammenarbeit im Bereich der k\u00fcnstlichen Intelligenz (KI), dem Aufbau und der St\u00e4rkung der Widerstandsf\u00e4higkeit der Lieferketten sowie der Entwicklung neuer Energiequellen.<\/p>\n<p> Minister Nguyen Hong Dien bekr\u00e4ftigte, dass k\u00fcnstliche Intelligenz (KI) nicht nur eine Technologie, sondern auch eine treibende Kraft zur Verbesserung der Produktivit\u00e4t und der nationalen Wettbewerbsf\u00e4higkeit sei. Vietnam wolle daher in substanzieller Weise kooperieren, verbunden mit Schulungen, Standards und Transfer.<\/p>\n<p> Der Minister erkl\u00e4rte, Vietnam verfolge eine bevorzugte und f\u00f6rdernde Innovationspolitik und wolle von Entwicklungspartnern wie den USA lernen und mit ihnen zusammenarbeiten. Er erkl\u00e4rte au\u00dferdem, das Ministerium f\u00fcr Industrie und Handel sei bereit, die M\u00f6glichkeit einer Zusammenarbeit mit den USA in diesem Bereich zu pr\u00fcfen.<\/p>\n<p> In Bezug auf die Lieferkettenfrage bekr\u00e4ftigte Minister Nguyen Hong Dien, dass Vietnam zahlreiche Programme und Richtlinien umgesetzt habe, um die Bezugsquellen f\u00fcr die Fertigungsindustrie zu diversifizieren.<\/p>\n<p> Im Energiesektor stellte der Minister au\u00dferdem die Energieentwicklungspolitik und -strategien Vietnams vor und forderte die US-Seite auf, Vietnam weiterhin bei der Entwicklung neuer Energiequellen und erneuerbarer Energien im gro\u00dfen Ma\u00dfstab im Zusammenhang mit gr\u00fcnen Finanzmechanismen und Technologietransfer zu unterst\u00fctzen.<\/p>\n<p> Dar\u00fcber hinaus \u00e4u\u00dferte Minister Nguyen Hong Dien die Besorgnis Vietnams dar\u00fcber, dass die US-amerikanische National Oceanic and Atmospheric Administration (NOAA) zw\u00f6lf wichtigen Fischereigebieten Vietnams keine Gleichwertigkeit zuerkennt. Dies bedroht die Existenzgrundlage von Hunderttausenden von Arbeitern, beeintr\u00e4chtigt die internationale Stellung der vietnamesischen Fischindustrie ernsthaft und schr\u00e4nkt die Auswahl und das Angebot f\u00fcr US-Verbraucher erheblich ein.<\/p>\n<p> Der Minister forderte die Vereinigten Staaten au\u00dferdem auf, dem Antrag Vietnams nachzukommen, den Status einer Marktwirtschaft bald anzuerkennen und Vietnam von den D1- und D3-Listen zu streichen, die den Export von Hochtechnologieprodukten beschr\u00e4nken.<\/p>\n<p> Die Vereinigten Staaten haben anerkannt und bekr\u00e4ftigt, dass sie den Antrag Vietnams umfassend pr\u00fcfen werden.<\/p>\n<p> Am Ende der Arbeitssitzung einigten sich beide Seiten darauf, auf technischer Ebene spezifische Untersuchungen zu den F\u00e4higkeiten und dem Kooperationsplan durchzuf\u00fchren, um diese in Zukunft weiter zu diskutieren. <\/p>\n<p><img data-original=\"https:\/\/static-images.vnncdn.net\/vps_images_publish\/000001\/000003\/2025\/10\/26\/cong-bo-tuyen-bo-chung-viet-nam-va-hoa-ky-ve-khuon-kho-hiep-dinh-thuong-mai-doi-ung-1312.jpg?width=0&amp;s=GZSpJuBqINdN_SmFMCRKxw\" class=\"lazy \"  alt=\"\"\/><\/p>\n<p> Gemeinsame Erkl\u00e4rung Vietnams und der Vereinigten Staaten zum Rahmen f\u00fcr ein gegenseitiges, faires und ausgewogenes Handelsabkommen . Am 26. Oktober einigten sich Vietnam und die Vereinigten Staaten darauf, die Gemeinsame Erkl\u00e4rung Vietnams und der Vereinigten Staaten zum Rahmen f\u00fcr ein gegenseitiges, faires und ausgewogenes Handelsabkommen (Gemeinsame Erkl\u00e4rung) herauszugeben. <\/p>\n<p class=\"mb-0\"> Quelle: https:\/\/vietnamnet.vn\/bo-truong-cong-thuong-quan-ngai-viec-hoa-ky-chua-cong-nhan-12-nghe-ca-viet-nam-2456644.html<\/p>\n","protected":false},"excerpt":{"rendered":"Informationen der Abteilung f\u00fcr multilaterale Handelspolitik ( Ministerium f\u00fcr Industrie und Handel ) zufolge traf sich Industrie- und&hellip;\n","protected":false},"author":2,"featured_media":529822,"comment_status":"","ping_status":"","sticky":false,"template":"","format":"standard","meta":{"footnotes":""},"categories":[3977],"tags":[331,332,130293,13,14,15,12,4017,4018,4016,64,4019,4020],"class_list":{"0":"post-529821","1":"post","2":"type-post","3":"status-publish","4":"format-standard","5":"has-post-thumbnail","7":"category-usa","8":"tag-aktuelle-nachrichten","9":"tag-aktuelle-news","10":"tag-handel-zwischen-vietnam-und-den-usa","11":"tag-headlines","12":"tag-nachrichten","13":"tag-news","14":"tag-schlagzeilen","15":"tag-united-states","16":"tag-united-states-of-america","17":"tag-us","18":"tag-usa","19":"tag-vereinigte-staaten","20":"tag-vereinigte-staaten-von-amerika"},"share_on_mastodon":{"url":"https:\/\/pubeurope.com\/@de\/115444478563726061","error":""},"_links":{"self":[{"href":"https:\/\/www.europesays.com\/de\/wp-json\/wp\/v2\/posts\/529821","targetHints":{"allow":["GET"]}}],"collection":[{"href":"https:\/\/www.europesays.com\/de\/wp-json\/wp\/v2\/posts"}],"about":[{"href":"https:\/\/www.europesays.com\/de\/wp-json\/wp\/v2\/types\/post"}],"author":[{"embeddable":true,"href":"https:\/\/www.europesays.com\/de\/wp-json\/wp\/v2\/users\/2"}],"replies":[{"embeddable":true,"href":"https:\/\/www.europesays.com\/de\/wp-json\/wp\/v2\/comments?post=529821"}],"version-history":[{"count":0,"href":"https:\/\/www.europesays.com\/de\/wp-json\/wp\/v2\/posts\/529821\/revisions"}],"wp:featuredmedia":[{"embeddable":true,"href":"https:\/\/www.europesays.com\/de\/wp-json\/wp\/v2\/media\/529822"}],"wp:attachment":[{"href":"https:\/\/www.europesays.com\/de\/wp-json\/wp\/v2\/media?parent=529821"}],"wp:term":[{"taxonomy":"category","embeddable":true,"href":"https:\/\/www.europesays.com\/de\/wp-json\/wp\/v2\/categories?post=529821"},{"taxonomy":"post_tag","embeddable":true,"href":"https:\/\/www.europesays.com\/de\/wp-json\/wp\/v2\/tags?post=529821"}],"curies":[{"name":"wp","href":"https:\/\/api.w.org\/{rel}","templated":true}]}}