{"id":529885,"date":"2025-10-27T06:25:11","date_gmt":"2025-10-27T06:25:11","guid":{"rendered":"https:\/\/www.europesays.com\/de\/529885\/"},"modified":"2025-10-27T06:25:11","modified_gmt":"2025-10-27T06:25:11","slug":"boyens-medien-cdu-verlangt-massnahmen-gegen-dooring-unfaelle","status":"publish","type":"post","link":"https:\/\/www.europesays.com\/de\/529885\/","title":{"rendered":"Boyens Medien &#8211; CDU verlangt Ma\u00dfnahmen gegen Dooring-Unf\u00e4lle"},"content":{"rendered":"<p>Hamburg (dpa\/lno) &#8211;  Knapp ein Dutzend Radfahrer sind bereits in diesem Jahr im Hamburger Stra\u00dfenverkehr get\u00f6tet worden &#8211; die CDU fordert vom rot-gr\u00fcnen Senat Ma\u00dfnahmen zur Verbesserung der Verkehrssicherheit. Insbesondere gegen sogenannte Dooring-Unf\u00e4lle, bei denen Radfahrern unachtsam ge\u00f6ffnete Autot\u00fcren zum Verh\u00e4ngnis werden, m\u00fcsse etwas getan werden, sagte der stellvertretende Fraktionsvorsitzende Richard Seelmaecker der Deutschen Presse-Agentur.<\/p>\n<p>Ende September war die \u00abGro\u00dfstadtrevier\u00bb- und \u00abTraumschiff\u00bb-Schauspielerin Wanda Perdelwitz infolge eines Dooring-Unfalls ums Leben gekommen. Die 41-J\u00e4hrige war im Stadtteil Rotherbaum mit ihrem Fahrrad gegen die T\u00fcr eines Transporters geprallt &#8211; die ein Beifahrer offenbar ohne auf den Radverkehr zu achten ge\u00f6ffnet hatte. Schwer verletzt war sie ins Krankenhaus gekommen und dort sp\u00e4ter gestorben.<\/p>\n<p>Dooring-Unf\u00e4lle werden laut Senat nicht statistisch erfasst<\/p>\n<p>Seelmaecker, der auch Mitglied des Verkehrsausschusses der B\u00fcrgerschaft ist, wollte daraufhin in einer Schriftlichen Kleinen Anfrage vom Senat wissen, wie viele solcher Unf\u00e4lle es in der Hansestadt gibt und was zu ihrer Vermeidung getan wird. Angaben zur Anzahl dieser Unf\u00e4lle konnte der Senat jedoch nicht machen, da sie nicht gesondert statistisch erfasst w\u00fcrden.\u00a0<\/p>\n<p>\u00abDass der rot-gr\u00fcne Senat nicht einmal wei\u00df, wie viele Dooring-Unf\u00e4lle es in Hamburg gibt, ist ein sicherheitspolitisches Armutszeugnis\u00bb, sagte Seelmaecker. \u00abWir m\u00fcssen nicht nur den Radverkehr f\u00f6rdern, sondern wir m\u00fcssen f\u00fcr die Sicherheit der Radfahrer sorgen \u2013 und das beginnt mit belastbaren Zahlen.\u00bb\u00a0<\/p>\n<p>Hamburg steuert auf traurigen Rekord bei get\u00f6teten Radfahrern zu<\/p>\n<p>Es brauche auch keine Symbolpolitik, sondern \u00abeine ehrliche Bestandsaufnahme, gezielte Pr\u00e4vention und eine Infrastruktur, die Unf\u00e4lle vermeidet\u00bb, sagte der CDU-Politiker.<\/p>\n<p>In diesem Jahr wurden bereits elf Radfahrerinnen und Radfahrer im Hamburger Stra\u00dfenverkehr bei Verkehrsunf\u00e4llen get\u00f6tet &#8211; so viele wie seit 2014 nicht mehr. F\u00fcr das gesamte vergangene Jahr weist die Statistik zehn, f\u00fcr 2023 neun get\u00f6tete Radfahrer aus.<\/p>\n","protected":false},"excerpt":{"rendered":"Hamburg (dpa\/lno) &#8211; Knapp ein Dutzend Radfahrer sind bereits in diesem Jahr im Hamburger Stra\u00dfenverkehr get\u00f6tet worden &#8211;&hellip;\n","protected":false},"author":2,"featured_media":529886,"comment_status":"","ping_status":"","sticky":false,"template":"","format":"standard","meta":{"footnotes":""},"categories":[1826],"tags":[4671,29,30,692,4823,2624,9326,601],"class_list":{"0":"post-529885","1":"post","2":"type-post","3":"status-publish","4":"format-standard","5":"has-post-thumbnail","7":"category-hamburg","8":"tag-buergerschaft","9":"tag-deutschland","10":"tag-germany","11":"tag-hamburg","12":"tag-meldung","13":"tag-unfaelle","14":"tag-updateme","15":"tag-verkehr"},"share_on_mastodon":{"url":"https:\/\/pubeurope.com\/@de\/115444706435550724","error":""},"_links":{"self":[{"href":"https:\/\/www.europesays.com\/de\/wp-json\/wp\/v2\/posts\/529885","targetHints":{"allow":["GET"]}}],"collection":[{"href":"https:\/\/www.europesays.com\/de\/wp-json\/wp\/v2\/posts"}],"about":[{"href":"https:\/\/www.europesays.com\/de\/wp-json\/wp\/v2\/types\/post"}],"author":[{"embeddable":true,"href":"https:\/\/www.europesays.com\/de\/wp-json\/wp\/v2\/users\/2"}],"replies":[{"embeddable":true,"href":"https:\/\/www.europesays.com\/de\/wp-json\/wp\/v2\/comments?post=529885"}],"version-history":[{"count":0,"href":"https:\/\/www.europesays.com\/de\/wp-json\/wp\/v2\/posts\/529885\/revisions"}],"wp:featuredmedia":[{"embeddable":true,"href":"https:\/\/www.europesays.com\/de\/wp-json\/wp\/v2\/media\/529886"}],"wp:attachment":[{"href":"https:\/\/www.europesays.com\/de\/wp-json\/wp\/v2\/media?parent=529885"}],"wp:term":[{"taxonomy":"category","embeddable":true,"href":"https:\/\/www.europesays.com\/de\/wp-json\/wp\/v2\/categories?post=529885"},{"taxonomy":"post_tag","embeddable":true,"href":"https:\/\/www.europesays.com\/de\/wp-json\/wp\/v2\/tags?post=529885"}],"curies":[{"name":"wp","href":"https:\/\/api.w.org\/{rel}","templated":true}]}}