{"id":529983,"date":"2025-10-27T07:47:18","date_gmt":"2025-10-27T07:47:18","guid":{"rendered":"https:\/\/www.europesays.com\/de\/529983\/"},"modified":"2025-10-27T07:47:18","modified_gmt":"2025-10-27T07:47:18","slug":"dynamo-dresden-sgd-star-schlaegt-maechtig-alarm","status":"publish","type":"post","link":"https:\/\/www.europesays.com\/de\/529983\/","title":{"rendered":"Dynamo Dresden: SGD-Star schl\u00e4gt m\u00e4chtig Alarm"},"content":{"rendered":"\n<p>Dynamo Dresden kann sich einfach nicht aus dem Abstiegssumpf befreien. Grund genug f\u00fcr\u00a0Lars B\u00fcnning, Alarm zu schlagen.<\/p>\n<p>Der Negativlauf von Dynamo Dresden geht nach dem 1:2 (1:1) gegen den SC Paderborn weiter. Mit sieben Punkten aus zehn Spielen liegen die Elbst\u00e4dter nur auf Rang 16., so wenig Z\u00e4hler hatte die SGD zum Vergleichszeitpunkt noch nie in der 2. Liga. Zudem ist Dynamo nun schon seit sieben Zweitligaspielen sieglos (vier Unentschieden und drei Niederlagen).\u00a0<\/p>\n<p>Und, fast noch am schlimmsten: Elf Punkte wurden bereits nach F\u00fchrungen verspielt, so auch am Wochenende, als die SGD mit 1:0 durch einen Elfmeter von Christoph Daferner (26. Minute) zwar vorn lag, dann aber noch verlor. Dass dies auch noch erneut im Heimspiel der Fall war, wo die Dresdner nunmehr sogar seit 14 Spielen auf einen Sieg warten (sieben Remis, sieben Niederlagen) setzte dem Ganzen die Krone auf.<\/p>\n<p>Kein Wunder, dass Verteidiger\u00a0Lars B\u00fcnning nach der Partie gegen den SCP deutlich wurde. Dass es auch gegen Paderborn nicht mit einem Sieg klappte, lag daran, dass &#8222;wir uns bl\u00f6d anstellen. Das ist mein erstes Gef\u00fchl&#8220;, zitierte der &#8222;kicker&#8220; den Abwehrspieler.<\/p>\n<p>&#8222;Paderborn macht in der ersten H\u00e4lfte aus keiner Chance ein Tor\u00a0[&#8230;]&#8220;, \u00e4rgerte er sich und setzte hinzu: &#8222;Im zweiten Durchgang kam ein bisschen mehr vom Gegner. Da h\u00e4lt Lenny (Lennart Grill, Amn. d. Red.) auf der Linie stark. Das Gegentor fangen wir, weil wir einen Einwurf nicht richtig gekl\u00e4rt bekommen, und Mika Baur Platz hat. Dass der Ball so reintrudelt, ist sehr entt\u00e4uschend.&#8220;<\/p>\n<p><a href=\"https:\/\/plus.rtl.de\/themenwelt\/bundesliga?utm_campaign=bannerlink&amp;utm_source=sportde&amp;utm_medium=owned&amp;utm_position=article&amp;utm_content=article&amp;utm_term=2bundesliga\" target=\"_blank\" rel=\"noopener\"><img decoding=\"async\" src=\"https:\/\/www.europesays.com\/de\/wp-content\/uploads\/2025\/10\/6NWJ_ea6XT5_l.jpg\"\/><\/a><\/p>\n<p>Das alles sei &#8222;frustrierend, macht sauer&#8220;, schlug B\u00fcnning Alarm. &#8222;Wir brauchen nichts mehr sch\u00f6nzureden. Dass wir mithalten k\u00f6nnen, das wissen wir. Das braucht uns keiner mehr zu sagen. Aber mithalten reicht nicht, du musst die Punkte ziehen. Und dabei ist es manchmal auch egal, wie es aussieht, wie man es macht. Das m\u00fcssen wir schnellstm\u00f6glich hinbekommen, denn die anderen punkten auch&#8220;, betonte der der 27-J\u00e4hrige, der seit Sommer 2023 f\u00fcr die Dresdner spielt.<\/p>\n","protected":false},"excerpt":{"rendered":"Dynamo Dresden kann sich einfach nicht aus dem Abstiegssumpf befreien. Grund genug f\u00fcr\u00a0Lars B\u00fcnning, Alarm zu schlagen. Der&hellip;\n","protected":false},"author":2,"featured_media":529984,"comment_status":"","ping_status":"","sticky":false,"template":"","format":"standard","meta":{"footnotes":""},"categories":[1835],"tags":[621,3364,29,2386,3766,347,30,13044,859,622,863,887],"class_list":{"0":"post-529983","1":"post","2":"type-post","3":"status-publish","4":"format-standard","5":"has-post-thumbnail","7":"category-dresden","8":"tag-2-bundesliga","9":"tag-de","10":"tag-deutschland","11":"tag-dresden","12":"tag-dynamo-dresden","13":"tag-fussball","14":"tag-germany","15":"tag-lars-buenning","16":"tag-sachsen","17":"tag-sc-paderborn-07","18":"tag-sport-allgemein","19":"tag-top-fussball"},"share_on_mastodon":{"url":"https:\/\/pubeurope.com\/@de\/115445029424733692","error":""},"_links":{"self":[{"href":"https:\/\/www.europesays.com\/de\/wp-json\/wp\/v2\/posts\/529983","targetHints":{"allow":["GET"]}}],"collection":[{"href":"https:\/\/www.europesays.com\/de\/wp-json\/wp\/v2\/posts"}],"about":[{"href":"https:\/\/www.europesays.com\/de\/wp-json\/wp\/v2\/types\/post"}],"author":[{"embeddable":true,"href":"https:\/\/www.europesays.com\/de\/wp-json\/wp\/v2\/users\/2"}],"replies":[{"embeddable":true,"href":"https:\/\/www.europesays.com\/de\/wp-json\/wp\/v2\/comments?post=529983"}],"version-history":[{"count":0,"href":"https:\/\/www.europesays.com\/de\/wp-json\/wp\/v2\/posts\/529983\/revisions"}],"wp:featuredmedia":[{"embeddable":true,"href":"https:\/\/www.europesays.com\/de\/wp-json\/wp\/v2\/media\/529984"}],"wp:attachment":[{"href":"https:\/\/www.europesays.com\/de\/wp-json\/wp\/v2\/media?parent=529983"}],"wp:term":[{"taxonomy":"category","embeddable":true,"href":"https:\/\/www.europesays.com\/de\/wp-json\/wp\/v2\/categories?post=529983"},{"taxonomy":"post_tag","embeddable":true,"href":"https:\/\/www.europesays.com\/de\/wp-json\/wp\/v2\/tags?post=529983"}],"curies":[{"name":"wp","href":"https:\/\/api.w.org\/{rel}","templated":true}]}}