{"id":530001,"date":"2025-10-27T07:59:15","date_gmt":"2025-10-27T07:59:15","guid":{"rendered":"https:\/\/www.europesays.com\/de\/530001\/"},"modified":"2025-10-27T07:59:15","modified_gmt":"2025-10-27T07:59:15","slug":"eugensplatz-in-stuttgart-baustelle-uebersehen-bmw-geraet-auf-stadtbahn-gleise","status":"publish","type":"post","link":"https:\/\/www.europesays.com\/de\/530001\/","title":{"rendered":"Eugensplatz in Stuttgart: Baustelle \u00fcbersehen \u2013 BMW ger\u00e4t auf Stadtbahn-Gleise"},"content":{"rendered":"<p>Ein BMW ist am Montagmorgen auf die Stadtbahngleise an der Haltestelle <a href=\"https:\/\/www.stuttgarter-zeitung.de\/thema\/Eugensplatz\" title=\"Eugensplatz\" class=\"art_thema\" rel=\"nofollow noopener\" target=\"_blank\">Eugensplatz<\/a> in <a href=\"https:\/\/www.stuttgarter-zeitung.de\/thema\/Stuttgart\" title=\"Stuttgart\" class=\"art_thema\" rel=\"nofollow noopener\" target=\"_blank\">Stuttgart<\/a>-Mitte geraten. Wie eine Sprecherin der <a href=\"https:\/\/www.stuttgarter-zeitung.de\/thema\/Polizei\" title=\"Polizei\" class=\"art_thema\" rel=\"nofollow noopener\" target=\"_blank\">Polizei<\/a> auf Nachfrage mitteilte, ereignete sich der Vorfall gegen 6 Uhr. <\/p>\n<p>Demnach hatte die Person hinterm Steuer vermutlich die <a href=\"https:\/\/www.stuttgarter-zeitung.de\/thema\/Baustelle\" title=\"Baustelle\" class=\"art_thema\" rel=\"nofollow noopener\" target=\"_blank\">Baustelle<\/a> am Eugensplatz \u00fcbersehen. Hier finden seit Sonntag, dem 12. Oktober (bis Sonntag, dem 2. November), Gleisbauarbeiten statt. Ein Abschleppwagen ist derzeit (Stand 8.15 Uhr) vor Ort, um das Auto zu bergen. Der Vorfall sorgt f\u00fcr Beeintr\u00e4chtigungen im Stadtbahnverkehr, insbesondere auf der Linie U15.<\/p>\n<p><a href=\"https:\/\/www.stuttgarter-zeitung.de\/thema\/Stadtbahn\" title=\"Stadtbahn\" class=\"art_thema\" rel=\"nofollow noopener\" target=\"_blank\">Stadtbahn<\/a> Stuttgart: Versp\u00e4tungen und Ausf\u00e4lle in Live-\u00dcbersicht <\/p>\n<p>Wie viele Stadtbahnen im Stuttgarter Netz aktuell versp\u00e4tet sind oder ausfallen, zeigt unsere Tabelle. Wir werten daf\u00fcr Echtzeitdaten aus, die Tabelle aktualisiert sich automatisch alle zehn Minuten. Klicken Sie auf eine der Linien, um Details zu erfahren: <\/p>\n<p>Nach ersten Informationen der Polizei wurde bei dem Unfall niemand verletzt. Die Schadensh\u00f6he sei noch unklar, ebenso wie der genaue Unfallhergang.<\/p>\n<p>Es ist nicht das erste Mal, dass ein Auto in die <a href=\"https:\/\/www.stuttgarter-zeitung.de\/thema\/SSB\" title=\"SSB\" class=\"art_thema\" rel=\"nofollow noopener\" target=\"_blank\">SSB<\/a>-Baustelle gefahren ist. Erst<a href=\"https:\/\/www.stuttgarter-zeitung.de\/inhalt.vorfall-in-stuttgart-auto-faehrt-erneut-in-ssb-baustelle-am-eugensplatz.18395602-f3bf-41cd-b093-374442db6ca4.html\" target=\"_blank\" rel=\"nofollow noopener\"> am vergangenen Mittwoch war ein Auto auf die Gleise geraten<\/a>. Und auch <a href=\"https:\/\/www.stuttgarter-zeitung.de\/inhalt.eugensplatz-in-stuttgart-auto-landet-auf-stadtbahn-gleisen.158504b8-72e4-4d5d-92ef-247e1c835a25.html\" target=\"_blank\" rel=\"nofollow noopener\">am 13. Oktober fand sich ein Autofahrer im Gleisbett wieder<\/a>.<\/p>\n","protected":false},"excerpt":{"rendered":"Ein BMW ist am Montagmorgen auf die Stadtbahngleise an der Haltestelle Eugensplatz in Stuttgart-Mitte geraten. Wie eine Sprecherin&hellip;\n","protected":false},"author":2,"featured_media":530002,"comment_status":"","ping_status":"","sticky":false,"template":"","format":"standard","meta":{"footnotes":"","_share_on_mastodon":"0"},"categories":[1830],"tags":[1634,2461,3364,29,124394,30,6597,121,8248,6842,11238,1441],"class_list":["post-530001","post","type-post","status-publish","format-standard","has-post-thumbnail","category-stuttgart","tag-baden-wuerttemberg","tag-baustelle","tag-de","tag-deutschland","tag-eugensplatz","tag-germany","tag-infografik","tag-polizei","tag-polizeibericht-stuttgart","tag-ssb","tag-stadtbahn","tag-stuttgart"],"share_on_mastodon":{"url":"https:\/\/pubeurope.com\/@de\/115445076710714730","error":""},"_links":{"self":[{"href":"https:\/\/www.europesays.com\/de\/wp-json\/wp\/v2\/posts\/530001","targetHints":{"allow":["GET"]}}],"collection":[{"href":"https:\/\/www.europesays.com\/de\/wp-json\/wp\/v2\/posts"}],"about":[{"href":"https:\/\/www.europesays.com\/de\/wp-json\/wp\/v2\/types\/post"}],"author":[{"embeddable":true,"href":"https:\/\/www.europesays.com\/de\/wp-json\/wp\/v2\/users\/2"}],"replies":[{"embeddable":true,"href":"https:\/\/www.europesays.com\/de\/wp-json\/wp\/v2\/comments?post=530001"}],"version-history":[{"count":0,"href":"https:\/\/www.europesays.com\/de\/wp-json\/wp\/v2\/posts\/530001\/revisions"}],"wp:featuredmedia":[{"embeddable":true,"href":"https:\/\/www.europesays.com\/de\/wp-json\/wp\/v2\/media\/530002"}],"wp:attachment":[{"href":"https:\/\/www.europesays.com\/de\/wp-json\/wp\/v2\/media?parent=530001"}],"wp:term":[{"taxonomy":"category","embeddable":true,"href":"https:\/\/www.europesays.com\/de\/wp-json\/wp\/v2\/categories?post=530001"},{"taxonomy":"post_tag","embeddable":true,"href":"https:\/\/www.europesays.com\/de\/wp-json\/wp\/v2\/tags?post=530001"}],"curies":[{"name":"wp","href":"https:\/\/api.w.org\/{rel}","templated":true}]}}