{"id":530173,"date":"2025-10-27T09:42:28","date_gmt":"2025-10-27T09:42:28","guid":{"rendered":"https:\/\/www.europesays.com\/de\/530173\/"},"modified":"2025-10-27T09:42:28","modified_gmt":"2025-10-27T09:42:28","slug":"berlin-brandenburg-alba-jubel-nach-bayern-coup-staerkt-den-glauben","status":"publish","type":"post","link":"https:\/\/www.europesays.com\/de\/530173\/","title":{"rendered":"Berlin &#038; Brandenburg: Alba-Jubel nach Bayern-Coup: &#8222;St\u00e4rkt den Glauben&#8220;"},"content":{"rendered":"<p>                    Berlin &amp; Brandenburg<br \/>\n                Alba-Jubel nach Bayern-Coup: &#8222;St\u00e4rkt den Glauben&#8220;<\/p>\n<p>\t\t\t\t              27.10.2025, 10:36 Uhr<\/p>\n<p><strong>Der Heimsieg \u00fcber die Bayern kommt \u00fcberraschend und st\u00e4rkt den zuletzt wackligen Glauben an die eigene St\u00e4rke. Vor allem zwei Youngster stechen dabei mit viel Unbek\u00fcmmertheit heraus.<\/strong><\/p>\n<p>Berlin (dpa\/bb) &#8211; Lautstarker Jubel schallte aus der Kabine von Alba Berlin. Der Heimsieg-Coup gegen den Dauerrivalen FC Bayern M\u00fcnchen setzte am Sonntag abend jede Menge Emotionen frei. &#8222;Es ist mental wichtig, dass das Team sieht, dass es trotz unserer Probleme, den absoluten Topfavoriten schlagen kann. Das st\u00e4rkt den Glauben. Und Glaube ist f\u00fcr ein junges Team wahnsinnig wichtig&#8220;, freute sich Gesch\u00e4ftsf\u00fchrer Marco Baldi nach dem \u00fcberraschendem 67:61-Erfolg in der Basketball-Bundesliga.<\/p>\n<p>Nach dem Sieg im Pokal vor einer Woche hat Alba nun die beiden Finalisten der letzten Meisterschaft geschlagen. Der Aufw\u00e4rtstrend ist Balsam f\u00fcr die zuletzt so geschundene Alba-Seele. &#8222;Man sieht, in der Mannschaft steckt was, das Potenzial ist da&#8220;, sagte Baldi. Vor allem in Sachen Willen und Einsatz \u00fcberzeugten sie zuletzt. &#8222;Wenn wir das immer haben, wird das spielerische auch kommen&#8220;, sagte er.<\/p>\n<p>Zwei Youngster \u00fcberraschen<\/p>\n<p>Allen voran gingen zwei junge Berliner. U19-Vizeweltmeister Jack Kayil zeigte in der Schlussphase starke Nerven. Erst brachte er Alba in der letzten Minute mit einem Dreier nach langer Zeit wieder in F\u00fchrung, dann verwandelte er 24 Sekunden vor Ende die vorentscheidenden Freiw\u00fcrfe. &#8222;Ich habe das Vertrauen vom ganzen Team, das macht es deutlich leichter und man macht einfach sein Spiel&#8220;, sagte der 19-J\u00e4hrige. Dabei hatte Kayil die ganze Woche wegen einer Knieverletzung pausieren m\u00fcssen, sein Einsatz stand auf der Kippe. &#8222;Es war nat\u00fcrlich in bisschen holprig, aber am Ende hat es sich gelohnt&#8220;, sagte er.<\/p>\n<p>\u00a0<\/p>\n<p>Dienstag in der Champions League unter Druck<\/p>\n<p>Der war andere war Nevio Bennefeld. Der 18-j\u00e4hrige Center war mit neun Punkten bester Alba-Sch\u00fctze in der ersten H\u00e4lfte. &#8222;Ein ganz Junger, den gar keiner auf dem Zettel hatte und der ganz ohne Angst spielte&#8220;, lobte ihn Baldi. F\u00fcr Spielmacher Martin Hermannsson aber keine \u00dcberraschung. &#8222;Von ihm wei\u00dft du immer, du bekommst 100 Prozent. Der hat immer viel Energie&#8220;, sagte der Isl\u00e4nder.<\/p>\n<p>Schon am Dienstag ist Alba aber wieder gefordert. Dann empfangen die Berliner in der Champions League den tschechischen Meister Nymburk (20.00 Uhr\/Dyn). Im Kampf um das Weiterkommen ist ein Sieg Pflicht. Baldi gibt sich optimistisch. &#8222;Mit so einem Sieg im R\u00fccken, ist Energie da&#8220;, sagte er.<\/p>\n","protected":false},"excerpt":{"rendered":"Berlin &amp; Brandenburg Alba-Jubel nach Bayern-Coup: &#8222;St\u00e4rkt den Glauben&#8220; 27.10.2025, 10:36 Uhr Der Heimsieg \u00fcber die Bayern kommt&hellip;\n","protected":false},"author":2,"featured_media":530174,"comment_status":"","ping_status":"","sticky":false,"template":"","format":"standard","meta":{"footnotes":""},"categories":[1825],"tags":[130349,130350,296,1890,29,30,25319,130351],"class_list":{"0":"post-530173","1":"post","2":"type-post","3":"status-publish","4":"format-standard","5":"has-post-thumbnail","7":"category-berlin","8":"tag-alba-jubel","9":"tag-bayern-coup","10":"tag-berlin","11":"tag-brandenburg","12":"tag-deutschland","13":"tag-germany","14":"tag-glauben","15":"tag-staerkt"},"share_on_mastodon":{"url":"https:\/\/pubeurope.com\/@de\/115445481002303483","error":""},"_links":{"self":[{"href":"https:\/\/www.europesays.com\/de\/wp-json\/wp\/v2\/posts\/530173","targetHints":{"allow":["GET"]}}],"collection":[{"href":"https:\/\/www.europesays.com\/de\/wp-json\/wp\/v2\/posts"}],"about":[{"href":"https:\/\/www.europesays.com\/de\/wp-json\/wp\/v2\/types\/post"}],"author":[{"embeddable":true,"href":"https:\/\/www.europesays.com\/de\/wp-json\/wp\/v2\/users\/2"}],"replies":[{"embeddable":true,"href":"https:\/\/www.europesays.com\/de\/wp-json\/wp\/v2\/comments?post=530173"}],"version-history":[{"count":0,"href":"https:\/\/www.europesays.com\/de\/wp-json\/wp\/v2\/posts\/530173\/revisions"}],"wp:featuredmedia":[{"embeddable":true,"href":"https:\/\/www.europesays.com\/de\/wp-json\/wp\/v2\/media\/530174"}],"wp:attachment":[{"href":"https:\/\/www.europesays.com\/de\/wp-json\/wp\/v2\/media?parent=530173"}],"wp:term":[{"taxonomy":"category","embeddable":true,"href":"https:\/\/www.europesays.com\/de\/wp-json\/wp\/v2\/categories?post=530173"},{"taxonomy":"post_tag","embeddable":true,"href":"https:\/\/www.europesays.com\/de\/wp-json\/wp\/v2\/tags?post=530173"}],"curies":[{"name":"wp","href":"https:\/\/api.w.org\/{rel}","templated":true}]}}