{"id":530203,"date":"2025-10-27T10:03:13","date_gmt":"2025-10-27T10:03:13","guid":{"rendered":"https:\/\/www.europesays.com\/de\/530203\/"},"modified":"2025-10-27T10:03:13","modified_gmt":"2025-10-27T10:03:13","slug":"so-koennt-ihr-beim-chemnitzer-umweltpreis-mitmachen","status":"publish","type":"post","link":"https:\/\/www.europesays.com\/de\/530203\/","title":{"rendered":"So k\u00f6nnt ihr beim Chemnitzer Umweltpreis mitmachen"},"content":{"rendered":"<p>\t\t\t\t\t\t\t\t\t\t\t\t\t\t\t\t\t\t\t\t\t\t\t\t\t\t\t\t\t\t<b class=\"ortsmarke\">Chemnitz.<\/b>\u00a0<\/p>\n<p>Bis zum 12. April 2026 k\u00f6nnen Kinder und Jugendliche bis 20 Jahre ihre Projekte zum Schutz der Umwelt beim Umweltamt Chemnitz einreichen. Der Chemnitzer Umweltpreis wird erneut ausgelobt und bietet jungen Umweltsch\u00fctzerinnen und Umweltsch\u00fctzern eine B\u00fchne f\u00fcr ihre Ideen und Aktionen.<\/p>\n<p>\t\t\t\t\t\t\t\t\t\t\t\t\t\t\t\t\t\tKreativit\u00e4t kennt keine Grenzen<\/p>\n<p>Ob M\u00fcllsammelaktion, Baumpflanzung oder innovative Forschungsprojekte &#8211; der Fantasie sind keine Grenzen gesetzt. &#8222;Das Engagement von Kindern und Jugendlichen zum Schutz der Umwelt wird in Zeiten des Klimawandels immer wichtiger, damit sich Ereignisse wie der Brand der Gohrischheide in <a href=\"https:\/\/www.blick.de\/thema\/ort\/sachsen\" title=\"Sachsen\" class=\"internal-article-link\" data-ct=\"ENTITY\/LOCATION\/SACHSEN\" rel=\"nofollow noopener\" target=\"_blank\">Sachsen<\/a> nicht weiter h\u00e4ufen&#8220;, betont Carina K\u00fchnel, Leiterin des Umweltamtes.<\/p>\n<p>\t\t\t\t\t\t\t\t\t\t\t\t\t\t\t\t\t\tBlick in die Projekte der vergangenen Runde<\/p>\n<p>Inspiration finden Interessierte in der <a href=\"https:\/\/www.chemnitz.de\/umweltpreisausstellung\" rel=\"nofollow noopener\" target=\"_blank\">Online-Ausstellung zum Umweltpreis 2025<\/a>, in der alle Projekte der vergangenen Runde vorgestellt werden.<\/p>\n<p>\t\t\t\t\t\t\t\t\t\t\t\t\t\t\t\t\t\tR\u00fcckblick auf den Umweltpreis 2025<\/p>\n<p>Mehr als 400 Kinder und Jugendliche beteiligten sich im vergangenen Jahr. Aus 35 eingereichten Projekten w\u00e4hlte die Jury die besten Ideen in den Kategorien Kitas, Grundschule, Klassen 5-8 sowie 9-12 und Jugendliche bis 20 Jahre aus.<\/p>\n<p>\t\t\t\t\t\t\t\t\t\t\t\t\t\t\t\t\t\tKita &#8222;Schatzkiste&#8220; sichert sich ersten Platz<\/p>\n<p>In der Kategorie Kinderg\u00e4rten \u00fcberzeugte die Caritas-Kita &#8222;Schatzkiste&#8220; mit einem besonderen Gartenprojekt. Seit 2023 kooperiert sie mit dem Kleingartenverein &#8222;Hammerfrieden&#8220;. Die Kinder pflanzen dort Kohlrabi, Salate, K\u00fcrbis, Tomaten und mehr &#8211; und lernen dabei, wie viel Arbeit in der Gem\u00fcseernte steckt.<\/p>\n<p>&#8222;Wie lange dauert es, bis etwas reif ist? Was muss ich tun, damit \u00fcberhaupt etwas w\u00e4chst? Das k\u00f6nnen die Kinder hier wunderbar lernen&#8220;, sagt S\u00f6ren Wei\u00dfflug, Vorsitzender des Vereins.<\/p>\n<p>\t\t\t\t\t\t\t\t\t\t\t\t\t\t\t\t\t\tSo geht&#8217;s zur Teilnahme<\/p>\n<p>Wer sich f\u00fcr den Umweltpreis 2026 bewerben m\u00f6chte, findet <a href=\"https:\/\/www.chemnitz.de\/umweltpreis\" rel=\"nofollow noopener\" target=\"_blank\">online<\/a> die Teilnahmeformulare und weitere Informationen.<\/p>\n","protected":false},"excerpt":{"rendered":"Chemnitz.\u00a0 Bis zum 12. April 2026 k\u00f6nnen Kinder und Jugendliche bis 20 Jahre ihre Projekte zum Schutz der&hellip;\n","protected":false},"author":2,"featured_media":530204,"comment_status":"","ping_status":"","sticky":false,"template":"","format":"standard","meta":{"footnotes":""},"categories":[1851],"tags":[2770,3364,29,548,663,3934,30,13,2839,14,15,859,12],"class_list":{"0":"post-530203","1":"post","2":"type-post","3":"status-publish","4":"format-standard","5":"has-post-thumbnail","7":"category-chemnitz","8":"tag-chemnitz","9":"tag-de","10":"tag-deutschland","11":"tag-eu","12":"tag-europa","13":"tag-europe","14":"tag-germany","15":"tag-headlines","16":"tag-kommunalpolitik","17":"tag-nachrichten","18":"tag-news","19":"tag-sachsen","20":"tag-schlagzeilen"},"share_on_mastodon":{"url":"https:\/\/pubeurope.com\/@de\/115445563702619808","error":""},"_links":{"self":[{"href":"https:\/\/www.europesays.com\/de\/wp-json\/wp\/v2\/posts\/530203","targetHints":{"allow":["GET"]}}],"collection":[{"href":"https:\/\/www.europesays.com\/de\/wp-json\/wp\/v2\/posts"}],"about":[{"href":"https:\/\/www.europesays.com\/de\/wp-json\/wp\/v2\/types\/post"}],"author":[{"embeddable":true,"href":"https:\/\/www.europesays.com\/de\/wp-json\/wp\/v2\/users\/2"}],"replies":[{"embeddable":true,"href":"https:\/\/www.europesays.com\/de\/wp-json\/wp\/v2\/comments?post=530203"}],"version-history":[{"count":0,"href":"https:\/\/www.europesays.com\/de\/wp-json\/wp\/v2\/posts\/530203\/revisions"}],"wp:featuredmedia":[{"embeddable":true,"href":"https:\/\/www.europesays.com\/de\/wp-json\/wp\/v2\/media\/530204"}],"wp:attachment":[{"href":"https:\/\/www.europesays.com\/de\/wp-json\/wp\/v2\/media?parent=530203"}],"wp:term":[{"taxonomy":"category","embeddable":true,"href":"https:\/\/www.europesays.com\/de\/wp-json\/wp\/v2\/categories?post=530203"},{"taxonomy":"post_tag","embeddable":true,"href":"https:\/\/www.europesays.com\/de\/wp-json\/wp\/v2\/tags?post=530203"}],"curies":[{"name":"wp","href":"https:\/\/api.w.org\/{rel}","templated":true}]}}