{"id":530205,"date":"2025-10-27T10:04:13","date_gmt":"2025-10-27T10:04:13","guid":{"rendered":"https:\/\/www.europesays.com\/de\/530205\/"},"modified":"2025-10-27T10:04:13","modified_gmt":"2025-10-27T10:04:13","slug":"braunschweig-in-kanal-gestuerztes-auto-drittes-todesopfer-identifiziert","status":"publish","type":"post","link":"https:\/\/www.europesays.com\/de\/530205\/","title":{"rendered":"Braunschweig | In Kanal gest\u00fcrztes Auto: Drittes Todesopfer identifiziert"},"content":{"rendered":"<p>Braunschweig (dpa) &#8211; Nach dem schweren Autounfall mit drei Toten bei Braunschweig ist die dritte Leiche identifiziert worden. \u00abEs handelt sich um einen 34-j\u00e4hrigen serbischen Staatsb\u00fcrger\u00bb, sagte ein Polizeisprecher am Morgen. Nach derzeitigem Kenntnisstand gehen die Ermittler davon aus, dass es sich um den Fahrer des Wagens handelt, der am Samstag von einer Br\u00fccke in den Mittellandkanal gest\u00fcrzt war.\u00a0<\/p>\n<p>Die Polizei hatte am Wochenende mitgeteilt, dass sich der Fahrer am Mittag einer Kontrolle auf der Autobahn 2 entzog und aufs Gaspedal trat. Die Beamten verloren das Auto mit M\u00fcnchner Kennzeichen aus dem Blick. Etwa zehn Minuten sp\u00e4ter gingen bei der Polizei mehrere Notrufe zu dem Unfall ein.<\/p>\n<p>Unfallauto durchschlug Br\u00fcckengel\u00e4nder\u00a0<\/p>\n<p>Nach einer ersten Rekonstruktion gehen die Ermittler davon aus, dass der Fahrer auf der Flucht viel zu schnell unterwegs war, mehrere Autos auf der engen Bundesstra\u00dfe 4 von rechts \u00fcberholte und dabei touchierte. Laut Polizei fuhr der Wagen in die Leitplanke und geriet in den Gegenverkehr, wo er frontal mit einem anderen Auto zusammenstie\u00df. Das Unfallauto durchschlug das Br\u00fcckengel\u00e4nder und st\u00fcrzte in den Mittellandkanal.<\/p>\n<p>Bei den bereits identifizierten Beifahrern handle es sich um einen 25-J\u00e4hrigen und einen 31-J\u00e4hrigen aus Kroatien. Im entgegenkommenden Auto sa\u00dfen eine 47-j\u00e4hrige Frau und ein 53-j\u00e4hriger Mann aus Hamburg. Die Frau liegt laut Polizei schwer verletzt im Krankenhaus, ist aber au\u00dfer Lebensgefahr. Der Mann wurde mit einem Rettungshubschrauber in eine Klinik geflogen, sein Zustand sei weiterhin kritisch.\u00a0<\/p>\n<p>Spezialschiff im Einsatz\u00a0<\/p>\n<p>Das Unfallfahrzeug wurde am Wochenende von einem Spezialschiff geborgen und beschlagnahmt. Wie die Ermittlungen dann weitergehen, h\u00e4nge auch von dem noch ausstehenden Gutachten eines Sachverst\u00e4ndigen ab. Der Fall wird voraussichtlich an die Staatsanwaltschaft \u00fcbergeben, die \u00fcber eine Obduktion der Toten entscheiden wird.<\/p>\n<p>Fraglich sind auch weiterhin der genaue Hergang des Unfalls sowie die Hintergr\u00fcnde einer vorangegangenen Polizeikontrolle.<\/p>\n","protected":false},"excerpt":{"rendered":"Braunschweig (dpa) &#8211; Nach dem schweren Autounfall mit drei Toten bei Braunschweig ist die dritte Leiche identifiziert worden.&hellip;\n","protected":false},"author":2,"featured_media":530206,"comment_status":"","ping_status":"","sticky":false,"template":"","format":"standard","meta":{"footnotes":""},"categories":[1850],"tags":[6429,3364,29,548,663,3934,30,692,13,3844,14,15,1411,121,12,5157,2624,9326,601],"class_list":{"0":"post-530205","1":"post","2":"type-post","3":"status-publish","4":"format-standard","5":"has-post-thumbnail","7":"category-braunschweig","8":"tag-braunschweig","9":"tag-de","10":"tag-deutschland","11":"tag-eu","12":"tag-europa","13":"tag-europe","14":"tag-germany","15":"tag-hamburg","16":"tag-headlines","17":"tag-kroatien","18":"tag-nachrichten","19":"tag-news","20":"tag-niedersachsen","21":"tag-polizei","22":"tag-schlagzeilen","23":"tag-serbien","24":"tag-unfaelle","25":"tag-updateme","26":"tag-verkehr"},"share_on_mastodon":{"url":"https:\/\/pubeurope.com\/@de\/115445567747635262","error":""},"_links":{"self":[{"href":"https:\/\/www.europesays.com\/de\/wp-json\/wp\/v2\/posts\/530205","targetHints":{"allow":["GET"]}}],"collection":[{"href":"https:\/\/www.europesays.com\/de\/wp-json\/wp\/v2\/posts"}],"about":[{"href":"https:\/\/www.europesays.com\/de\/wp-json\/wp\/v2\/types\/post"}],"author":[{"embeddable":true,"href":"https:\/\/www.europesays.com\/de\/wp-json\/wp\/v2\/users\/2"}],"replies":[{"embeddable":true,"href":"https:\/\/www.europesays.com\/de\/wp-json\/wp\/v2\/comments?post=530205"}],"version-history":[{"count":0,"href":"https:\/\/www.europesays.com\/de\/wp-json\/wp\/v2\/posts\/530205\/revisions"}],"wp:featuredmedia":[{"embeddable":true,"href":"https:\/\/www.europesays.com\/de\/wp-json\/wp\/v2\/media\/530206"}],"wp:attachment":[{"href":"https:\/\/www.europesays.com\/de\/wp-json\/wp\/v2\/media?parent=530205"}],"wp:term":[{"taxonomy":"category","embeddable":true,"href":"https:\/\/www.europesays.com\/de\/wp-json\/wp\/v2\/categories?post=530205"},{"taxonomy":"post_tag","embeddable":true,"href":"https:\/\/www.europesays.com\/de\/wp-json\/wp\/v2\/tags?post=530205"}],"curies":[{"name":"wp","href":"https:\/\/api.w.org\/{rel}","templated":true}]}}