{"id":530233,"date":"2025-10-27T10:20:17","date_gmt":"2025-10-27T10:20:17","guid":{"rendered":"https:\/\/www.europesays.com\/de\/530233\/"},"modified":"2025-10-27T10:20:17","modified_gmt":"2025-10-27T10:20:17","slug":"was-steckt-hinter-putins-einzigartigem-atom-marschflugkoerper","status":"publish","type":"post","link":"https:\/\/www.europesays.com\/de\/530233\/","title":{"rendered":"Was steckt hinter Putins \u201eeinzigartigem\u201c Atom-Marschflugk\u00f6rper?"},"content":{"rendered":"<p class=\"tspCCnc tspCCnd\">Wladimir Putin tr\u00e4gt Milit\u00e4runiform, w\u00e4hrend er bei einem Treffen mit russischen Streitkr\u00e4ften von seiner neuen \u201eSuperwaffe\u201c schw\u00e4rmt: \u201eUnbesiegbar\u201c soll sie sein, eine \u201eeinzigartige Waffe, die niemand sonst auf der Welt hat\u201c, und die mit nahezu unbegrenzter Reichweite jedes Raketenabwehrsystem umfliegen kann.<\/p>\n<p class=\"tspCCnc\"><a href=\"http:\/\/kremlin.ru\/events\/president\/news\/78301\" target=\"_blank\" rel=\"noopener\" class=\"link link--external\" data-gtm-class=\"article-text-link\" data-gtm-val=\"external\" aria-describedby=\"message-target-blank\">In dem am Sonntag ver\u00f6ffentlichten Video<\/a> erkl\u00e4rt Russlands Staatschef, die Armee habe die Tests mit dem neuartigen, atomgetriebenen Marschflugk\u00f6rper \u201eBurewestnik\u201c \u2013 auf\u00a0Deutsch \u201eSturmvogel\u201c \u2013 abgeschlossen.\u00a0<\/p>\n<p> Ein Projekt aus dem Jahr 2018 <\/p>\n<p class=\"tspCCnc\">Etwa 15 Stunden lang soll der Marschflugk\u00f6rper bei einem Testflug 14.000 Kilometer zur\u00fcckgelegt haben. <a href=\"https:\/\/www.tagesspiegel.de\/internationales\/putin-ordnet-stationierung-an-russland-testet-neuen-atom-marschflugkorper-burewestnik-14664338.html?icid=in-text-link_14664533\" class=\"link link--internal\" data-gtm-class=\"article-text-link\" data-gtm-val=\"internal\" target=\"_blank\" rel=\"noopener\">Die Waffe soll nun stationiert werden.<\/a><\/p>\n<p class=\"tspCCnc\">Bereits seit 2018 spricht Putin von diesem Projekt. \u201eBislang war es aber durch seine gescheiterten Testl\u00e4ufe bekannt\u201c, sagt Andreas Umland, Analyst am Stockholmer Zentrum f\u00fcr Osteuropastudien des Schwedischen Instituts f\u00fcr Internationale Angelegenheiten.<\/p>\n<p> Wie gef\u00e4hrlich k\u00f6nnte diese Waffe sein? <\/p>\n<p class=\"tspCCnc\">F\u00fcr Russlands Kriegsf\u00fchrung in der Ukraine, sagt Umland, d\u00fcrfte der Burewestnik nur geringe Bedeutung haben. \u201eDie Flugzeiten der Marschflugk\u00f6rper zwischen den L\u00e4ndern ist gering, der entscheidende Vorteil des Sturmvogels \u2013 die Distanz \u2013 h\u00e4tte wenig Nutzen.\u201c<\/p>\n<p class=\"tspCCnc\">Die Waffe w\u00fcrde au\u00dferdem nur wenig am bisherigen Kr\u00e4ftegleichgewicht zwischen den USA und Russland ver\u00e4ndern, das ohnehin schon von Interkontinentalraketen mit Mehrfachsprengk\u00f6rpern bestimmt wird. Russland habe bereits verschiedene Tr\u00e4ger f\u00fcr Atomsprengk\u00f6pfe.<\/p>\n<p><img decoding=\"async\" src=\"https:\/\/www.europesays.com\/de\/wp-content\/uploads\/2025\/10\/andreas-umland-red-1.jpeg\"   alt=\"\" width=\"767\" height=\"767\" loading=\"lazy\" class=\"tspB0ml\"\/><\/p>\n<p class=\"tspCFno\"><strong>Andreas Umland<\/strong> ist Analyst am Stockholmer Zentrum f\u00fcr Osteuropastudien des Schwedischen Instituts f\u00fcr Internationale Angelegenheiten.<\/p>\n<p class=\"tspCCnc\">Laut einem Bericht der Nuclear Threat Initiative aus dem Jahr 2019 k\u00f6nne der Burewestnik durch seine hohe Reichweite allerdings in geringer H\u00f6he fliegen und dadurch \u201eRaketenabwehrsysteme umgehen und Gel\u00e4ndehindernissen ausweichen\u201c.<\/p>\n<p class=\"tspCCnc\">\u201eIm Zuge des Russisch-Ukrainischen Krieges entwickeln sich Luftabwehrwaffen weltweit rapide\u201c, gibt Sicherheitsexperte Umland zu Bedenken. \u201eEs ist daher unklar, ob der Marschflugk\u00f6rper noch jene Bedeutung haben wird, die er bei seiner ersten Ank\u00fcndigung 2018 zu haben schien\u201c, und etwa so schwer abzufangen ist, wie Putin suggeriert.<\/p>\n<p><a href=\"https:\/\/www.tagesspiegel.de\/politik\/faellt-baeume-baut-barrikaden-verbrennt-reifen-ukrainische-armee-ruft-buerger-zum-widerstand-mit-allen-mitteln-auf\/28063400.html?icid=single-topic_14664533___\" data-gtm-class=\"article-mzt-link\" class=\"tspCKn0\" target=\"_blank\" rel=\"noopener\">Live-Blog zum Ukraine-Krieg Im Newsblog informieren wir Sie mit den wichtigsten Nachrichten zu Putins Invasion.  <\/a><\/p>\n<p class=\"tspCCnc\">Neu ist allerdings der Atomantrieb \u2013 und der macht Umland sehr wohl Sorgen: \u201eDer Einschlag eines atomgetriebenen Flugk\u00f6rpers k\u00f6nnte zu einer radioaktiven Verseuchung des Einschlaggebietes f\u00fchren. Damit w\u00e4re Burewestnik nicht nur eine potenzielle Nuklearwaffe, sondern auch mit einem nichtnuklearen Sprengkopf eine radiologische Waffe beziehungsweise sogenannte \u201aschmutzige Bombe\u2019.\u201c<\/p>\n<p class=\"tspCCnc\">Ein solcher Einsatz, spekuliert Umland, k\u00f6nnte dann wiederum die Ukraine dazu veranlassen, ihre Marschflugk\u00f6rper mit radioaktivem Material zu beladen und nach Russland zu schie\u00dfen. \u201eDas w\u00e4re eine enorme Eskalation des Krieges.\u201c Wahrscheinlicher sei deshalb, dass diese Waffe nicht in der Ukraine zum Einsatz kommt.<\/p>\n<blockquote class=\"tspCJny\">\n<p>Die Ank\u00fcndigungen Putins scheinen eher Teil der russischen psychologischen Kriegsf\u00fchrung gegen den Westen zu sein.<\/p>\n<\/blockquote>\n<p class=\"tspCJnz\"><strong>Andreas Umland<\/strong>, Sicherheitsexperte<\/p>\n<p class=\"tspCCnc\">Dass Putin gerade jetzt die Tests eines neuen Atom-Marschflugk\u00f6rpers verk\u00fcndet, d\u00fcrfte kein Zufall sein. Vor wenigen Tagen erst hatte US-Pr\u00e4sident Donald Trump <a href=\"https:\/\/www.tagesspiegel.de\/internationales\/gesprache-fuhrten-nirgendwo-hin-trump-hat-baldiges-treffen-mit-putin-nach-eigenen-angaben-abgesagt-14636432.html?icid=in-text-link_14664533\" class=\"link link--internal\" data-gtm-class=\"article-text-link\" data-gtm-val=\"internal\" target=\"_blank\" rel=\"noopener\">neue Sanktionen gegen Russland verk\u00fcndet<\/a> \u2013 zum ersten Mal in seiner zweiten Amtszeit. <\/p>\n<p class=\"tspCCnc\">Sie richten sich gegen die gr\u00f6\u00dften \u00d6lkonzerne Lukoil und Rosneft und sollen so die russische Wirtschaft empfindlich treffen. Trump verliert offenbar die Geduld mit Russlands Staatschef, der in Verhandlungen bislang nicht von seinen maximalen Kriegszielen abr\u00fccken will.<\/p>\n<p> Lesen Sie au\u00dferdem <a href=\"https:\/\/www.tagesspiegel.de\/internationales\/er-sollte-den-krieg-beenden-statt-raketen-zu-testen-trump-kritisiert-putin-wegen-nuklearer-marschflugkorper-14667824.html?icid=topic-list_14664533___\" data-gtm-class=\"article-mzt-link\" class=\"tspCKn0\" target=\"_blank\" rel=\"noopener\">\u201eEr sollte den Krieg beenden, statt Raketen zu testen\u201c Trump kritisiert Putin wegen nuklearer Marschflugk\u00f6rper  <\/a><a href=\"https:\/\/www.tagesspiegel.de\/internationales\/200-russische-soldaten-in-stadt-eingedrungen-selenskyj-bestatigt-schwere-kampfen-um-pokrowsk-in-der-ostukraine-14667362.html?icid=topic-list_14664533___\" data-gtm-class=\"article-mzt-link\" class=\"tspCKn0\" target=\"_blank\" rel=\"noopener\">200 russische Soldaten in Stadt eingedrungen Selenskyj best\u00e4tigt schwere K\u00e4mpfen um Pokrowsk in der Ostukraine <\/a><a href=\"https:\/\/www.tagesspiegel.de\/internationales\/finnland-setzt-auf-abschreckung-gegen-russland-wir-erwarten-dass-unsere-verbundeten-ihren-beitrag-leisten-14651183.html?icid=topic-list_14664533___\" data-gtm-class=\"article-mzt-link\" class=\"tspCKn0\" target=\"_blank\" rel=\"noopener\">Finnland setzt auf Abschreckung \u201eWir verstehen, wozu Russland f\u00e4hig ist\u201c <\/a><\/p>\n<p class=\"tspCCnc\">Deshalb steht Sicherheitsexperte Umland den Ank\u00fcndigungen Putins kritisch gegen\u00fcber: \u201eSie scheinen eher Teil der russischen psychologischen Kriegsf\u00fchrung gegen den Westen zu sein als der Vorbote einer wirklichen Kr\u00e4ftever\u00e4nderung.\u201c <\/p>\n<p class=\"tspCCnc\">W\u00e4hler und Politiker in Europa und Nordamerika, vermutet er, sollen eingesch\u00fcchtert und <a href=\"https:\/\/www.tagesspiegel.de\/internationales\/selenskyj-im-weissen-haus-trump-spricht-von-frieden--und-verschafft-putin-zeit-14598143.html?icid=in-text-link_14664533\" class=\"link link--internal\" data-gtm-class=\"article-text-link\" data-gtm-val=\"internal\" target=\"_blank\" rel=\"noopener\">von weiterer Hilfe f\u00fcr die Ukraine abgehalten werden<\/a>. \u201eMan kann nur hoffen, dass das in den westlichen Hauptst\u00e4dten erkannt wird.\u201c<\/p>\n","protected":false},"excerpt":{"rendered":"Wladimir Putin tr\u00e4gt Milit\u00e4runiform, w\u00e4hrend er bei einem Treffen mit russischen Streitkr\u00e4ften von seiner neuen \u201eSuperwaffe\u201c schw\u00e4rmt: \u201eUnbesiegbar\u201c&hellip;\n","protected":false},"author":2,"featured_media":528389,"comment_status":"","ping_status":"","sticky":false,"template":"","format":"standard","meta":{"footnotes":""},"categories":[4013],"tags":[331,332,106,13,1435,14,15,97217,4043,4044,850,307,12,130157,317,312,64,306],"class_list":{"0":"post-530233","1":"post","2":"type-post","3":"status-publish","4":"format-standard","5":"has-post-thumbnail","7":"category-russland","8":"tag-aktuelle-nachrichten","9":"tag-aktuelle-news","10":"tag-donald-trump","11":"tag-headlines","12":"tag-krieg-in-der-ukraine","13":"tag-nachrichten","14":"tag-news","15":"tag-rosneft","16":"tag-russia","17":"tag-russian-federation","18":"tag-russische-foederation","19":"tag-russland","20":"tag-schlagzeilen","21":"tag-schwedisches-institut-fuer-internationale-angelegenheiten","22":"tag-ukraine","23":"tag-ukrainekrieg","24":"tag-usa","25":"tag-wladimir-putin"},"share_on_mastodon":{"url":"https:\/\/pubeurope.com\/@de\/115445630772001175","error":""},"_links":{"self":[{"href":"https:\/\/www.europesays.com\/de\/wp-json\/wp\/v2\/posts\/530233","targetHints":{"allow":["GET"]}}],"collection":[{"href":"https:\/\/www.europesays.com\/de\/wp-json\/wp\/v2\/posts"}],"about":[{"href":"https:\/\/www.europesays.com\/de\/wp-json\/wp\/v2\/types\/post"}],"author":[{"embeddable":true,"href":"https:\/\/www.europesays.com\/de\/wp-json\/wp\/v2\/users\/2"}],"replies":[{"embeddable":true,"href":"https:\/\/www.europesays.com\/de\/wp-json\/wp\/v2\/comments?post=530233"}],"version-history":[{"count":0,"href":"https:\/\/www.europesays.com\/de\/wp-json\/wp\/v2\/posts\/530233\/revisions"}],"wp:featuredmedia":[{"embeddable":true,"href":"https:\/\/www.europesays.com\/de\/wp-json\/wp\/v2\/media\/528389"}],"wp:attachment":[{"href":"https:\/\/www.europesays.com\/de\/wp-json\/wp\/v2\/media?parent=530233"}],"wp:term":[{"taxonomy":"category","embeddable":true,"href":"https:\/\/www.europesays.com\/de\/wp-json\/wp\/v2\/categories?post=530233"},{"taxonomy":"post_tag","embeddable":true,"href":"https:\/\/www.europesays.com\/de\/wp-json\/wp\/v2\/tags?post=530233"}],"curies":[{"name":"wp","href":"https:\/\/api.w.org\/{rel}","templated":true}]}}