{"id":530238,"date":"2025-10-27T10:24:23","date_gmt":"2025-10-27T10:24:23","guid":{"rendered":"https:\/\/www.europesays.com\/de\/530238\/"},"modified":"2025-10-27T10:24:23","modified_gmt":"2025-10-27T10:24:23","slug":"dfb-frauen-ohne-dallmann-nach-frankreich","status":"publish","type":"post","link":"https:\/\/www.europesays.com\/de\/530238\/","title":{"rendered":"DFB-Frauen ohne Dallmann nach Frankreich"},"content":{"rendered":"<ol class=\"id-DonaldBreadcrumb lp_west_breadcrumb id-DonaldBreadcrumb--default\" data-k5a-pos=\"west_breadcrumb\">\n<li class=\"id-Breadcrumb-item\"><a href=\"https:\/\/www.tz.de\/\" class=\"id-Breadcrumb-link\" data-id-ec=\"{\" shn=\"\" textlink=\"\" data-k5a-pos=\"1_tz\" target=\"_blank\" rel=\"noopener\">tz<\/a><\/li>\n<li class=\"id-Breadcrumb-item\"><a href=\"https:\/\/www.tz.de\/sport\/\" class=\"id-Breadcrumb-link\" data-id-ec=\"{\" shn=\"\" textlink=\"\" data-k5a-pos=\"2_sport\" target=\"_blank\" rel=\"noopener\">Sport<\/a><\/li>\n<li class=\"id-Breadcrumb-item\"><a href=\"https:\/\/www.tz.de\/sport\/fussball\/\" class=\"id-Breadcrumb-link\" data-id-ec=\"{\" shn=\"\" textlink=\"\" data-k5a-pos=\"3_fussball\" target=\"_blank\" rel=\"noopener\">Fu\u00dfball<\/a><\/li>\n<\/ol>\n<p class=\"id-Story-timestamp id-Story-timestamp--default\">Stand: 27.10.2025, 10:08 Uhr<\/p>\n<p class=\"id-Story-interactionBar id-Story-interactionBar--default\">DruckenTeilen<\/p>\n<p><img decoding=\"async\" class=\"id-RatioPlaceholder-element wv_story_el_image\" src=\"https:\/\/www.europesays.com\/de\/wp-content\/uploads\/2025\/10\/40222997-linda-dallmann-1f7a.jpg\" loading=\"eager\" fetchpriority=\"high\"   height=\"792\" width=\"1408\" alt=\"Linda Dallmann\"\/>Linda Dallmann: Auch kein Einsatz im R\u00fcckspiel gegen Frankreich \u00a9\u00a0Sebastian Christoph Gollnow\/dpa<\/p>\n<p class=\"id-StoryElement-leadText\">M\u00fcnchens Linda Dallmann musste zuletzt m\u00e4chtig um ihren Platz im Fu\u00dfball-Nationalteam k\u00e4mpfen. Jetzt f\u00e4llt sie auch noch aus gesundheitlichen Gr\u00fcnden aus.<\/p>\n<p class=\"id-StoryElement-paragraph\">D\u00fcsseldorf\/Caen &#8211; Die deutschen Fu\u00dfballerinnen reisen ohne Mittelfeldspielerin Linda Dallmann zum Halbfinal-R\u00fcckspiel in der Nations League gegen Frankreich in die Normandie. Die 31-J\u00e4hrige vom FC Bayern M\u00fcnchen f\u00e4llt krankheitsbedingt f\u00fcr die Partie am Dienstag (21.10 Uhr\/ZDF) in Caen aus, wie der DFB mitteilte.<\/p>\n<p class=\"id-StoryElement-paragraph\">Dallmann sa\u00df beim 1:0 im Hinspiel am Freitag in D\u00fcsseldorf nur auf der Bank. Sie war nach einer wenig \u00fcberzeugenden EM auch erst f\u00fcr die verletzte Lena Oberdorf nachnominiert worden.<\/p>\n<p class=\"id-StoryElement-paragraph\">Das Nationalteam von Bundestrainer Christian W\u00fcck hofft auf den Finaleinzug. Dann w\u00e4re Ende November\/Anfang Dezember in Hin- und R\u00fcckspiel h\u00f6chstwahrscheinlich Spanien der Gegner. Die Weltmeisterinnen hatten im ersten Halbfinale Schweden mit 4:0 geschlagen. dpa<\/p>\n","protected":false},"excerpt":{"rendered":"tz Sport Fu\u00dfball Stand: 27.10.2025, 10:08 Uhr DruckenTeilen Linda Dallmann: Auch kein Einsatz im R\u00fcckspiel gegen Frankreich \u00a9\u00a0Sebastian&hellip;\n","protected":false},"author":2,"featured_media":530239,"comment_status":"","ping_status":"","sticky":false,"template":"","format":"standard","meta":{"footnotes":""},"categories":[3974],"tags":[331,332,548,663,3934,3980,156,13,14,15,12],"class_list":{"0":"post-530238","1":"post","2":"type-post","3":"status-publish","4":"format-standard","5":"has-post-thumbnail","7":"category-frankreich","8":"tag-aktuelle-nachrichten","9":"tag-aktuelle-news","10":"tag-eu","11":"tag-europa","12":"tag-europe","13":"tag-france","14":"tag-frankreich","15":"tag-headlines","16":"tag-nachrichten","17":"tag-news","18":"tag-schlagzeilen"},"share_on_mastodon":{"url":"https:\/\/pubeurope.com\/@de\/115445647061014098","error":""},"_links":{"self":[{"href":"https:\/\/www.europesays.com\/de\/wp-json\/wp\/v2\/posts\/530238","targetHints":{"allow":["GET"]}}],"collection":[{"href":"https:\/\/www.europesays.com\/de\/wp-json\/wp\/v2\/posts"}],"about":[{"href":"https:\/\/www.europesays.com\/de\/wp-json\/wp\/v2\/types\/post"}],"author":[{"embeddable":true,"href":"https:\/\/www.europesays.com\/de\/wp-json\/wp\/v2\/users\/2"}],"replies":[{"embeddable":true,"href":"https:\/\/www.europesays.com\/de\/wp-json\/wp\/v2\/comments?post=530238"}],"version-history":[{"count":0,"href":"https:\/\/www.europesays.com\/de\/wp-json\/wp\/v2\/posts\/530238\/revisions"}],"wp:featuredmedia":[{"embeddable":true,"href":"https:\/\/www.europesays.com\/de\/wp-json\/wp\/v2\/media\/530239"}],"wp:attachment":[{"href":"https:\/\/www.europesays.com\/de\/wp-json\/wp\/v2\/media?parent=530238"}],"wp:term":[{"taxonomy":"category","embeddable":true,"href":"https:\/\/www.europesays.com\/de\/wp-json\/wp\/v2\/categories?post=530238"},{"taxonomy":"post_tag","embeddable":true,"href":"https:\/\/www.europesays.com\/de\/wp-json\/wp\/v2\/tags?post=530238"}],"curies":[{"name":"wp","href":"https:\/\/api.w.org\/{rel}","templated":true}]}}