{"id":530248,"date":"2025-10-27T10:29:16","date_gmt":"2025-10-27T10:29:16","guid":{"rendered":"https:\/\/www.europesays.com\/de\/530248\/"},"modified":"2025-10-27T10:29:16","modified_gmt":"2025-10-27T10:29:16","slug":"bayer-leverkusen-dfb-boss-schwaermt-von-poku-kann-holland-star-fuer-deutschland-spielen-sport","status":"publish","type":"post","link":"https:\/\/www.europesays.com\/de\/530248\/","title":{"rendered":"Bayer Leverkusen: DFB-Boss schw\u00e4rmt von Poku: Kann Holland-Star f\u00fcr Deutschland spielen? | Sport"},"content":{"rendered":"<p><b>\u201eHokusPoku\u201c. Das ist der neue Leverkusener Zauberspruch.<\/b><\/p>\n<p>Ernest Poku (21) ist schon jetzt eine der gro\u00dfen Entdeckungen der neuen Saison. Der Schienenspieler schl\u00e4gt bei <a href=\"https:\/\/www.bild.de\/sport\/fussball\/bayer-leverkusen\/startseite-leverkusen-31074446.bild.html\" class=\"text-link\" target=\"_blank\" rel=\"noopener\"><b>Bayer 04<\/b><\/a> gerade richtig ein. Mit 35,56 km\/h ist er der sechstschnellste Spieler der Bundesliga. <\/p>\n<p>Beim 2:0 gegen Freiburg erzielte Poku sein drittes Saisontor \u2013 vor den Augen von DFB-Sportdirektor Rudi V\u00f6ller (65). <\/p>\n<p><b>Beim DFB ist Poku auch bekannt, weil er in Hamburg geboren wurde und dort bis zum 6. Lebensjahr lebte. Danach wuchs Ernest in Amsterdam auf. Poku spielt seit der U16 f\u00fcr die Auswahl-Teams des niederl\u00e4ndischen Verbandes (KNVB), ist aktueller U21-Nationalspieler (17 Eins\u00e4tze). Seine Eltern stammen aus Ghana.<\/b><\/p>\n<p><img decoding=\"async\" width=\"992\" height=\"558\" alt=\"Ernest Poku wird von Mitspieler Jonas Hofmann (r.\/33) nach seinem dritten Saisontor gefeiert\" src=\"https:\/\/www.europesays.com\/de\/wp-content\/uploads\/2025\/10\/cf424b54dda9bb65633ca4a3ecd8d69d,d50156a0\"   class=\"landscape\" loading=\"lazy\"\/><\/p>\n<p class=\"fig__caption__text\">Ernest Poku wird von Mitspieler Jonas Hofmann (r.\/33) nach seinem dritten Saisontor gefeiert<\/p>\n<p>Foto: AP<\/p>\n<p><b>BILD fragte Poku nach dem Freiburg-Spiel: Gab es schon mal Gespr\u00e4che mit dem deutschen Verband?<\/b><\/p>\n<p>\u201eNein, es gab weder Kontakt zu Deutschland noch zu Ghana\u201c, erwiderte der 10-Millionen-Euro-Zugang aus Alkmaar, der im Sommer mit Holland das Halbfinale der U21-EM erreichte und mit 35,3 km\/h der schnellste Spieler des Turniers war.<\/p>\n<p>Auch interessant<\/p>\n<p>Anzeige<\/p>\n<p>Auch interessant<\/p>\n<p>Anzeige<\/p>\n<p><b>Doch k\u00f6nnte Poku jetzt \u00fcberhaupt noch f\u00fcr Deutschland spielen?<\/b><\/p>\n<p>Gesch\u00e4ftsf\u00fchrer Andreas Rettig (65) schw\u00e4rmt im BILD-Gespr\u00e4ch: \u201ePoku ist ein herausragender Spieler, den wir schon seit seiner Zeit in der Ehrendivision intensiv und mit allen Daten verfolgt haben.\u201c<\/p>\n<p><b>Allerdings r\u00e4umt Rettig ein: \u201eNach unserem Kenntnisstand ist der Spieler bislang nicht im Besitz eines deutschen Passes. Und da er schon \u00fcber 21 Jahre alt ist und im Oktober an einem Lehrgang des niederl\u00e4ndischen Verbandes f\u00fcr die U21 teilgenommen hat, ist nach den Regularien der Fifa ein Verbandswechsel leider nicht mehr m\u00f6glich.\u201c<\/b><\/p>\n<p>Was auch nicht im Sinne des Leverkusener Profis w\u00e4re. Denn Poku sieht seine Nationalmannschafts-Karriere im Oranje-Trikot: \u201eNur darauf liegt mein Fokus. Ich will es in die holl\u00e4ndische A-Nationalelf schaffen. Und daf\u00fcr gebe ich mein Bestes.\u201c<\/p>\n<p>Macht Poku in Leverkusen so weiter, ist sogar die WM 2026 nicht unrealistisch.<\/p>\n<p>Mehr zum Thema<\/p>\n","protected":false},"excerpt":{"rendered":"\u201eHokusPoku\u201c. Das ist der neue Leverkusener Zauberspruch. Ernest Poku (21) ist schon jetzt eine der gro\u00dfen Entdeckungen der&hellip;\n","protected":false},"author":2,"featured_media":530249,"comment_status":"","ping_status":"","sticky":false,"template":"","format":"standard","meta":{"footnotes":""},"categories":[2],"tags":[331,3924,332,3922,5622,3364,29,481,30,13,14,3923,14008,15,3921,130369,12,819,45,27445],"class_list":{"0":"post-530248","1":"post","2":"type-post","3":"status-publish","4":"format-standard","5":"has-post-thumbnail","7":"category-deutschland","8":"tag-aktuelle-nachrichten","9":"tag-aktuelle-nachrichten-aus-deutschland","10":"tag-aktuelle-news","11":"tag-aktuelle-news-aus-deutschland","12":"tag-bayer-leverkusen","13":"tag-de","14":"tag-deutschland","15":"tag-dfb","16":"tag-germany","17":"tag-headlines","18":"tag-nachrichten","19":"tag-nachrichten-aus-deutschland","20":"tag-nationalmannschaft-niederlande","21":"tag-news","22":"tag-news-aus-deutschland","23":"tag-rettig-andreas","24":"tag-schlagzeilen","25":"tag-sport-leuchtturm-essen","26":"tag-texttospeech","27":"tag-voeller-rudi"},"share_on_mastodon":{"url":"https:\/\/pubeurope.com\/@de\/115445670619614202","error":""},"_links":{"self":[{"href":"https:\/\/www.europesays.com\/de\/wp-json\/wp\/v2\/posts\/530248","targetHints":{"allow":["GET"]}}],"collection":[{"href":"https:\/\/www.europesays.com\/de\/wp-json\/wp\/v2\/posts"}],"about":[{"href":"https:\/\/www.europesays.com\/de\/wp-json\/wp\/v2\/types\/post"}],"author":[{"embeddable":true,"href":"https:\/\/www.europesays.com\/de\/wp-json\/wp\/v2\/users\/2"}],"replies":[{"embeddable":true,"href":"https:\/\/www.europesays.com\/de\/wp-json\/wp\/v2\/comments?post=530248"}],"version-history":[{"count":0,"href":"https:\/\/www.europesays.com\/de\/wp-json\/wp\/v2\/posts\/530248\/revisions"}],"wp:featuredmedia":[{"embeddable":true,"href":"https:\/\/www.europesays.com\/de\/wp-json\/wp\/v2\/media\/530249"}],"wp:attachment":[{"href":"https:\/\/www.europesays.com\/de\/wp-json\/wp\/v2\/media?parent=530248"}],"wp:term":[{"taxonomy":"category","embeddable":true,"href":"https:\/\/www.europesays.com\/de\/wp-json\/wp\/v2\/categories?post=530248"},{"taxonomy":"post_tag","embeddable":true,"href":"https:\/\/www.europesays.com\/de\/wp-json\/wp\/v2\/tags?post=530248"}],"curies":[{"name":"wp","href":"https:\/\/api.w.org\/{rel}","templated":true}]}}