{"id":530250,"date":"2025-10-27T10:30:44","date_gmt":"2025-10-27T10:30:44","guid":{"rendered":"https:\/\/www.europesays.com\/de\/530250\/"},"modified":"2025-10-27T10:30:44","modified_gmt":"2025-10-27T10:30:44","slug":"bonn-magische-candlelight-concerts-mit-coldplay-hits-im-beethovenhaus","status":"publish","type":"post","link":"https:\/\/www.europesays.com\/de\/530250\/","title":{"rendered":"Bonn: Magische Candlelight-Concerts mit Coldplay-Hits im Beethovenhaus"},"content":{"rendered":"<p class=\"rubric-datestamp\">Nachricht vom 27.10.2025 \u00a0\u00a0\u00a0 <a href=\"https:\/\/www.ak-kurier.de\/akkurier\/www\/newsprint.php?nid=162844\" target=\"_new\" rel=\"nofollow noopener\"><img decoding=\"async\" src=\"https:\/\/www.europesays.com\/de\/wp-content\/uploads\/2025\/04\/print.gif\" border=\"0\" title=\"Artikel drucken\"\/><\/a><\/p>\n<p class=\"rubric-textblock\">\t&#13;<br \/>\n\t\t\t\t\t\t\t\t\t\t\t\t<a href=\"https:\/\/www.ak-kurier.de\/akkurier\/www\/autor\/lara-jane-schumacher\" rel=\"nofollow noopener\" target=\"_blank\"><img decoding=\"async\" class=\"autorenbild\" src=\"https:\/\/www.europesays.com\/de\/wp-content\/uploads\/2025\/10\/Autorin_Lara_Schumacher.jpg\" align=\"left\" vspace=\"0\" hspace=\"10\"\/><\/a> &#13;<br \/>\n\t\t\t\t\t\t\t&#13;<br \/>\n\t\t\t\t\t\t\t\t\t\t&#13;<br \/>\n\t\t\t\t\t\t\t\t\t\t\tVon <a href=\"https:\/\/www.ak-kurier.de\/akkurier\/www\/autor\/lara-jane-schumacher\" rel=\"nofollow noopener\" target=\"_blank\">Lara Jane Schumacher<\/a> &#13;<br \/>\n\t\t\t\t\t\t\t\t\t\t\t&#13;<br \/>\n\t\t\t\t\t\t\t&#13;\n\t\t\t\t\t<\/p>\n<p class=\"sdescript\">&#13;<br \/>\n\t\t\t\t\t\t\t\tZarte Streichmusik, sanftes Licht und ein Hauch Nostalgie: &#8222;Candlelight-Concerts&#8220; liegen im Trend. Die besonderen Konzertabende schaffen mit hunderten flackernden Lichtern eine unvergleichliche Stimmung \u0096 und begeistern Musikliebhaber, die ihre Lieblingssongs einmal ganz neu erleben m\u00f6chten.<\/p>\n<p>\t\t\t\t&#13;<br \/>\n                                    <a href=\"https:\/\/www.ak-kurier.de\/akkurier\/www\/artikelbild\/162844-vom-westerwald-ins-kerzenmeer---candlelight-concerts--begeistern-mit-einzigartiger-atmosphaere\" rel=\"nofollow noopener\" target=\"_blank\">&#13;<br \/>\n\t\t\t\t\t\t\t\t\t&#13;<br \/>\n\t\t\t\t\t\t\t\t\t\t\t\t\t<img decoding=\"async\" class=\"lazy\" src=\"https:\/\/www.europesays.com\/de\/wp-content\/uploads\/2025\/10\/Candlelight_Bonn_1.jpg\" alt=\"\"\/>&#13;<br \/>\n\t\t\t\t\t\t\t\t\t\t\t\t\t\t\t\t\t\t<\/a>&#13;<br \/>\n                                    Im Schein hunderter LED-Kerzen verwandelte sich das Beethovenhaus in Bonn in eine stimmungsvolle B\u00fchne f\u00fcr die Musik von Coldplay und Imagine Dragons. Fotos: Lara Jane Schumacher\/Art of Jane&#13;<\/p>\n<p class=\"rubric-textblock\">Bonn\/Region. Am vergangenen Freitag erstrahlte das Bonner Beethovenhaus in einem Meer aus warmem Licht. Hunderte t\u00e4uschend echt wirkende LED-Kerzen tauchten den Raum in eine beinahe magische Atmosph\u00e4re, w\u00e4hrend die Streicher des Siegener &#8222;Neux Quartetts&#8220; Hits von Coldplay und Imagine Dragons interpretierte. In den Pausen zwischen den Musikst\u00fccken erg\u00e4nzte Cellist Werner Stephan die musikalische Note mit spannenden Geschichten rund um die K\u00fcnstler und ihre Songs. Das Publikum lauschte still, nur das leise Rascheln der B\u00f6gen und das Schimmern des Kerzenlichts f\u00fcllten den historischen Saal.<\/p>\n<p>Das Konzept der &#8222;Candlelight-Concerts&#8220; hat sich in den vergangenen Jahren zu einem internationalen Erfolgsformat entwickelt. Statt greller Lichter und gro\u00dfer B\u00fchnen stehen Intimit\u00e4t und Klang im Vordergrund. Klassische Ensembles bringen bekannte Songs aus Pop, Rock und Filmmusik in neuem Gewand auf die B\u00fchne \u0096 oft begleitet von minimalistischem Lichtdesign und der besonderen Stimmung des Kerzenscheins.\t\t\t\t\t<\/p>\n<p class=\"rubric-textblock\">&#13;<br \/>\n\t\t\t\t\t&#13;<br \/>\nF\u00fcr viele Besucherinnen und Besucher ist gerade diese Kombination aus Musik und Atmosph\u00e4re das Besondere. Sie beschreiben die Konzerte als &#8222;G\u00e4nsehautmoment&#8220; oder &#8222;kleine Auszeit vom Alltag&#8220;. Trotz des modernen Rahmens erinnern die Abende an klassische Kammermusik \u0096 nur eben mit Songs, die jeder kennt.<\/p>\n<p>Auch f\u00fcr Musikfans aus dem Westerwald lohnt sich ein Blick auf das Veranstaltungsprogramm: &#8222;Candlelight-Concerts&#8220; finden regelm\u00e4\u00dfig in gr\u00f6\u00dferen St\u00e4dten der Region statt, darunter Koblenz, Bonn, K\u00f6ln, Wiesbaden und Frankfurt. Jede Stadt bietet dabei eigene Spielorte \u0096 von Kirchen \u00fcber Konzerts\u00e4le bis hin zu historischen Geb\u00e4uden.<\/p>\n<p>So wird aus einem gew\u00f6hnlichen Konzertbesuch ein atmosph\u00e4risches Erlebnis f\u00fcr alle Sinne. Am Ende des Abends bleibt nicht nur der Applaus, sondern das Gef\u00fchl, Musik auf eine neue, ber\u00fchrende Weise erlebt zu haben \u0096 im Schein von tausenden kleinen Lichtern, die an echte Kerzen erinnern, aber ganz ohne Feuer auskommen.<\/p>\n<p class=\"rubric-textblock\">&#13;<br \/>\n&#13;<br \/>\n\t\t\t\t\t\t\t\t&#13;<br \/>\n\t\t\t\t&#13;<br \/>\n&#13;<br \/>\n\t\t\t\t\t&#13;<br \/>\n\t\t\t   Feedback:\u00a0<a href=\"https:\/\/easy-feedback.de\/mitteilung\/1781508\/U2n2Hq\/?CMSID=162844\" target=\"_blank\" rel=\"nofollow noopener\">Hinweise an die Redaktion<\/a>&#13;<br \/>\n\t\t\t   &#13;\n\t\t\t   <\/p>\n<p><b>.: Neu bei Instagram :.<\/b>\u00a0=&gt; <a href=\"https:\/\/www.instagram.com\/kuriere_news\" target=\"_blank\" rel=\"nofollow noopener\">@kuriere_news<\/a>&#13;\n\t\t\t   <\/p>\n<p><img decoding=\"async\" src=\"https:\/\/www.europesays.com\/de\/wp-content\/uploads\/2025\/10\/1ae241d936ec4f9ebc1bc7b0d7dc6445.gif\" width=\"https:\/\/www.ak-kurier.de\/akkurier\/www\/1\" height=\"https:\/\/www.ak-kurier.de\/akkurier\/www\/1\" alt=\"\"\/><\/p>\n<p>\t\t\t    <script async src=\"\/\/www.instagram.com\/embed.js\"><\/script><\/p>\n","protected":false},"excerpt":{"rendered":"Nachricht vom 27.10.2025 \u00a0\u00a0\u00a0 &#13; &#13; &#13; &#13; Von Lara Jane Schumacher &#13; &#13; &#13; &#13; Zarte Streichmusik,&hellip;\n","protected":false},"author":2,"featured_media":530251,"comment_status":"","ping_status":"","sticky":false,"template":"","format":"standard","meta":{"footnotes":""},"categories":[1842],"tags":[9193,590,1741,3364,29,30,9194,9192,14,15,1209,5399,591],"class_list":{"0":"post-530250","1":"post","2":"type-post","3":"status-publish","4":"format-standard","5":"has-post-thumbnail","7":"category-bonn","8":"tag-ak-kurier","9":"tag-aktuell","10":"tag-bonn","11":"tag-de","12":"tag-deutschland","13":"tag-germany","14":"tag-internetzeitung","15":"tag-kreis-altenkirchen","16":"tag-nachrichten","17":"tag-news","18":"tag-nordrhein-westfalen","19":"tag-region","20":"tag-wissen"},"share_on_mastodon":{"url":"https:\/\/pubeurope.com\/@de\/115445671095740067","error":""},"_links":{"self":[{"href":"https:\/\/www.europesays.com\/de\/wp-json\/wp\/v2\/posts\/530250","targetHints":{"allow":["GET"]}}],"collection":[{"href":"https:\/\/www.europesays.com\/de\/wp-json\/wp\/v2\/posts"}],"about":[{"href":"https:\/\/www.europesays.com\/de\/wp-json\/wp\/v2\/types\/post"}],"author":[{"embeddable":true,"href":"https:\/\/www.europesays.com\/de\/wp-json\/wp\/v2\/users\/2"}],"replies":[{"embeddable":true,"href":"https:\/\/www.europesays.com\/de\/wp-json\/wp\/v2\/comments?post=530250"}],"version-history":[{"count":0,"href":"https:\/\/www.europesays.com\/de\/wp-json\/wp\/v2\/posts\/530250\/revisions"}],"wp:featuredmedia":[{"embeddable":true,"href":"https:\/\/www.europesays.com\/de\/wp-json\/wp\/v2\/media\/530251"}],"wp:attachment":[{"href":"https:\/\/www.europesays.com\/de\/wp-json\/wp\/v2\/media?parent=530250"}],"wp:term":[{"taxonomy":"category","embeddable":true,"href":"https:\/\/www.europesays.com\/de\/wp-json\/wp\/v2\/categories?post=530250"},{"taxonomy":"post_tag","embeddable":true,"href":"https:\/\/www.europesays.com\/de\/wp-json\/wp\/v2\/tags?post=530250"}],"curies":[{"name":"wp","href":"https:\/\/api.w.org\/{rel}","templated":true}]}}