{"id":530256,"date":"2025-10-27T10:34:17","date_gmt":"2025-10-27T10:34:17","guid":{"rendered":"https:\/\/www.europesays.com\/de\/530256\/"},"modified":"2025-10-27T10:34:17","modified_gmt":"2025-10-27T10:34:17","slug":"rwe-trainer-koschinat-so-viele-hurensoehne-kann-es-gar-nicht-geben-sport","status":"publish","type":"post","link":"https:\/\/www.europesays.com\/de\/530256\/","title":{"rendered":"RWE-Trainer Koschinat \u2013 \u201eSo viele Hurens\u00f6hne kann es gar nicht geben\u201c | Sport"},"content":{"rendered":"<p><b>Da war einer richtig angefressen! <\/b><\/p>\n<p>Im Pott-Derby in der 3. Liga zwischen dem <a href=\"https:\/\/sport.bild.de\/fussball\/te1322\/msv-duisburg\/spiele-und-ergebnisse\/\" rel=\"noopener\" class=\"text-link--external text-link\" target=\"_blank\">MSV Duisburg <\/a>und <a href=\"https:\/\/sport.bild.de\/fussball\/te1583\/rot-weiss-essen\/spiele-und-ergebnisse\/\" rel=\"noopener\" class=\"text-link--external text-link\" target=\"_blank\">Rot-Weiss Essen<\/a> (1:1) gab es keinen Sieger. Bitter f\u00fcr den \u00dcberflieger-Aufsteiger aus Duisburg, der damit die Tabellenf\u00fchrung an Energie Cottbus abgeben muss. <\/p>\n<p><b>Kurz vor dem Ende des Spiels kam es allerdings zu einer unsch\u00f6nen Szene, die Essen-Trainer Uwe Koschinat (54) im Interview bei \u201eMagentaSport\u201c zur Wei\u00dfglut brachte. <\/b><\/p>\n<p>Mehr zum Thema<\/p>\n<p>In der Nachspielzeit rasseln RWE-Keeper Jakob Golz (27) und sein Mitspieler Franci Bouebari (22) ungl\u00fccklich ineinander. Einige Duisburg-\u201eFans\u201c warfen daraufhin mit Bierbechern auf die beiden Spieler. Die Spieler des MSV stellen sich daraufhin sch\u00fctzend vor ihre Gegenspieler. <\/p>\n<p><img decoding=\"async\" width=\"992\" height=\"558\" alt=\"Spieler des MSV versuchen, die Fans zu beruhigen, die mit Bechern werfen\" src=\"https:\/\/www.europesays.com\/de\/wp-content\/uploads\/2025\/10\/c45e8b50abad98de969a2b39a3ed260c,a55bef71\"   class=\"landscape\" loading=\"lazy\"\/><\/p>\n<p class=\"fig__caption__text\">Spieler des MSV versuchen, die Fans zu beruhigen, die mit Bechern werfen<\/p>\n<p>Foto: J\u00fcrgen Fromme \/firo Sportphoto<\/p>\n<p>Von Moderator Thomas Wagner (54) auf die Szene und die Atmosph\u00e4re angesprochen, reagiert Koschinat deutlich. \u201eDie Atmosph\u00e4re war fantastisch\u201c, beginnt er noch harmlos, um dann einen rauszuhauen. <\/p>\n<p>Auch interessant<\/p>\n<p>Anzeige<\/p>\n<p>Auch interessant<\/p>\n<p>Anzeige<\/p>\n<p><b>Der Trainer weiter: \u201eVielleicht kriege ich jetzt einen gro\u00dfen Shitstorm. Aber ich stelle mir immer die Frage: Wie viele Frauen m\u00fcssen in den vergangenen 30 Jahren im horizontalen Gewerbe t\u00e4tig gewesen sein, denn so viele Hurens\u00f6hne kann es auf der ganzen Welt gar nicht geben.\u201c <\/b><\/p>\n<p>Koschinat teilt richtig aus!<\/p>\n<p>Und weiter: \u201eIch finde, das ist irgendwo unangebracht. Wenn die Fanlager ihre eigenen Mannschaften unterst\u00fctzen, dann wird das ein noch viel geileres Derby. Denn das war es auch.\u201c <\/p>\n<p><b>Fakt ist:<\/b> Durch den Vorfall im Niederrhein-Pokalfinale (Essen siegte mit 2:1 und sicherte sich dadurch die Teilnahme am DFB-Pokal) war das Derby enorm vorbelastet. Damals k\u00e4mpfte ein Fan des MSV im Stadion um sein Leben, starb dann im Krankenhaus. <\/p>\n<p>Werder feiert St\u00fcrmer-Star: Standing-Ovations f\u00fcr Boniface-Show!<a class=\"anchor video-teaser__anchor\" href=\"https:\/\/www.bild.de\/sport\/fussball\/werder-bremen-jubelt-victor-boniface-begeistert-68fcd6ea0569916ef60c68a3\" target=\"_blank\" rel=\"noopener\"><img decoding=\"async\" width=\"992\" height=\"558\" alt=\"Werder Bremen jubelt: Victor Boniface begeistert\" src=\"https:\/\/www.europesays.com\/de\/wp-content\/uploads\/2025\/10\/4092ee5b38d33513035733b7d7015dde-landscape,ebb8f9f2\"   class=\"landscape teaser__image\" loading=\"lazy\"\/><\/a><\/p>\n<p>Quelle: DFL27.10.2025<\/p>\n<p>W\u00e4hrend der medizinischen Ma\u00dfnahmen stellten die RWE-Fans den Support erst versp\u00e4tet ein. Die Duisburg-Fans verzichteten im weiteren Verlauf komplett auf Support, dagegen feuerten die RWE-Anh\u00e4nger im Laufe des Spiels ihre Mannschaft wieder an. Duisburg-Trainer Dietmar Hirsch (53) kritisierte das Verhalten nach Abpfiff. <\/p>\n<p>Die MSV-Ultras hielten laut \u201eWAZ\u201c am Sonntag ein entsprechendes Banner hoch (\u201eSupport und Jubel w\u00e4hrend Todeskampf \u2013 ehrenlose Fotzen RWE\u201c). <\/p>\n<p>Im R\u00fcckspiel (3.\u20135. April, noch nicht genau terminiert) d\u00fcrfte es definitiv wieder hitzig werden\u00a0\u2026<\/p>\n","protected":false},"excerpt":{"rendered":"Da war einer richtig angefressen! Im Pott-Derby in der 3. Liga zwischen dem MSV Duisburg und Rot-Weiss Essen&hellip;\n","protected":false},"author":2,"featured_media":530257,"comment_status":"","ping_status":"","sticky":false,"template":"","format":"standard","meta":{"footnotes":""},"categories":[1838],"tags":[995,3364,5098,29,996,3715,3688,347,30,3721,1209,3856,265,819,45,1261],"class_list":{"0":"post-530256","1":"post","2":"type-post","3":"status-publish","4":"format-standard","5":"has-post-thumbnail","7":"category-duisburg","8":"tag-3-liga","9":"tag-de","10":"tag-derby","11":"tag-deutschland","12":"tag-dritte-liga","13":"tag-duisburg","14":"tag-essen","15":"tag-fussball","16":"tag-germany","17":"tag-msv-duisburg","18":"tag-nordrhein-westfalen","19":"tag-ruhrgebiet","20":"tag-sport","21":"tag-sport-leuchtturm-essen","22":"tag-texttospeech","23":"tag-toralarm-top-news"},"share_on_mastodon":{"url":"https:\/\/pubeurope.com\/@de\/115445685843761556","error":""},"_links":{"self":[{"href":"https:\/\/www.europesays.com\/de\/wp-json\/wp\/v2\/posts\/530256","targetHints":{"allow":["GET"]}}],"collection":[{"href":"https:\/\/www.europesays.com\/de\/wp-json\/wp\/v2\/posts"}],"about":[{"href":"https:\/\/www.europesays.com\/de\/wp-json\/wp\/v2\/types\/post"}],"author":[{"embeddable":true,"href":"https:\/\/www.europesays.com\/de\/wp-json\/wp\/v2\/users\/2"}],"replies":[{"embeddable":true,"href":"https:\/\/www.europesays.com\/de\/wp-json\/wp\/v2\/comments?post=530256"}],"version-history":[{"count":0,"href":"https:\/\/www.europesays.com\/de\/wp-json\/wp\/v2\/posts\/530256\/revisions"}],"wp:featuredmedia":[{"embeddable":true,"href":"https:\/\/www.europesays.com\/de\/wp-json\/wp\/v2\/media\/530257"}],"wp:attachment":[{"href":"https:\/\/www.europesays.com\/de\/wp-json\/wp\/v2\/media?parent=530256"}],"wp:term":[{"taxonomy":"category","embeddable":true,"href":"https:\/\/www.europesays.com\/de\/wp-json\/wp\/v2\/categories?post=530256"},{"taxonomy":"post_tag","embeddable":true,"href":"https:\/\/www.europesays.com\/de\/wp-json\/wp\/v2\/tags?post=530256"}],"curies":[{"name":"wp","href":"https:\/\/api.w.org\/{rel}","templated":true}]}}