{"id":530262,"date":"2025-10-27T10:38:14","date_gmt":"2025-10-27T10:38:14","guid":{"rendered":"https:\/\/www.europesays.com\/de\/530262\/"},"modified":"2025-10-27T10:38:14","modified_gmt":"2025-10-27T10:38:14","slug":"pol-h-mehrere-autos-in-den-stadtteilen-burg-und-ledeburg-beschaedigt-polizei-sucht","status":"publish","type":"post","link":"https:\/\/www.europesays.com\/de\/530262\/","title":{"rendered":"POL-H: Mehrere Autos in den Stadtteilen Burg und Ledeburg besch\u00e4digt &#8211; Polizei sucht &#8230;"},"content":{"rendered":"<p class=\"date\">27.10.2025 \u2013 11:31<\/p>\n<p class=\"customer\">\n                        <a class=\"story-customer\" title=\"weiter zum newsroom von Polizeidirektion Hannover\" href=\"https:\/\/www.presseportal.de\/blaulicht\/nr\/66841\" rel=\"nofollow noopener\" target=\"_blank\">Polizeidirektion Hannover<\/a>\n                    <\/p>\n<p><a data-category=\"citylink-story-view\" data-action=\"click\" data-label=\"Citylink in Meldungsansicht\" class=\"story-city event-trigger\" href=\"https:\/\/www.presseportal.de\/regional\/Hannover\" title=\"News aus Hannover \" rel=\"nofollow noopener\" target=\"_blank\">Hannover<\/a> (ots)<\/p>\n<p>Unbekannte T\u00e4ter haben in der Nacht von Samstag, 25.10.2025, auf Sonntag, 26.10.2025, bei insgesamt sieben geparkten Fahrzeugen die Heckscheiben besch\u00e4digt. Die Polizei geht von einem Zusammenhang zwischen den Taten aus und bittet Zeugen um Hinweise.<\/p>\n<p>Nach bisherigen Erkenntnissen des Polizeikommissariats Hannover-St\u00f6cken besch\u00e4digten die T\u00e4ter im Zeitraum zwischen Samstag, 22:30 Uhr, und Sonntag, 08:00 Uhr, die Heckscheiben von sieben Fahrzeugen mit einem bislang unbekannten Gegenstand. Die Autos waren in verschiedenen, jedoch nahe beieinander liegenden Stra\u00dfen abgestellt: Ilsenburger Weg, Hermenweg, Zellerfelder Allee, Statiusweg, Clausthaler Weg und Goslarsche Stra\u00dfe.<\/p>\n<p>Bei den besch\u00e4digten Fahrzeugen handelt es sich um verschiedene Marken, darunter ein Suzuki, ein Audi, ein Skoda, zwei Seat und zwei Opel. Die H\u00f6he des entstandenen Sachschadens ist noch unbekannt.<\/p>\n<p>Die Polizei leitete jeweils ein Ermittlungsverfahren wegen Sachbesch\u00e4digung ein. Der zust\u00e4ndige Ermittlungsdienst bittet Zeugen, die Hinweise zu den Taten geben k\u00f6nnen, sich beim zust\u00e4ndigen Polizeikommissariat Hannover-St\u00f6cken unter der Telefonnummer 0511 109-3815 zu melden.\/ trim, pol<\/p>\n<p class=\"contact-headline\">R\u00fcckfragen bitte an:<\/p>\n<p class=\"contact-text\">Polizeidirektion Hannover<br \/>Tristan M\u00f6ller<br \/>Telefon: 0511 109-1040<br \/>E-Mail: <a href=\"https:\/\/www.presseportal.de\/blaulicht\/pm\/66841\/mailto: pressestelle@pd-h.polizei.niedersachsen.de\" class=\"uri-mailto\" rel=\"nofollow noopener\" target=\"_blank\"> pressestelle@pd-h.polizei.niedersachsen.de<\/a><br \/><a target=\"_blank\" class=\"uri-ext outbound\" rel=\"noopener nofollow\" href=\"https:\/\/www.pd-h.polizei-nds.de\">https:\/\/www.pd-h.polizei-nds.de<\/a><\/p>\n<p class=\"originator\">Original-Content von: Polizeidirektion Hannover, \u00fcbermittelt durch news aktuell<\/p>\n","protected":false},"excerpt":{"rendered":"27.10.2025 \u2013 11:31 Polizeidirektion Hannover Hannover (ots) Unbekannte T\u00e4ter haben in der Nacht von Samstag, 25.10.2025, auf Sonntag,&hellip;\n","protected":false},"author":2,"featured_media":386213,"comment_status":"","ping_status":"","sticky":false,"template":"","format":"standard","meta":{"footnotes":""},"categories":[1836],"tags":[3364,29,30,46,177,5404,1411,121,178,180,179,181],"class_list":{"0":"post-530262","1":"post","2":"type-post","3":"status-publish","4":"format-standard","5":"has-post-thumbnail","7":"category-hannover","8":"tag-de","9":"tag-deutschland","10":"tag-germany","11":"tag-hannover","12":"tag-kriminalitt","13":"tag-ni","14":"tag-niedersachsen","15":"tag-polizei","16":"tag-presse","17":"tag-pressemeldung","18":"tag-pressemitteilung","19":"tag-pressemitteilungen"},"share_on_mastodon":{"url":"","error":""},"_links":{"self":[{"href":"https:\/\/www.europesays.com\/de\/wp-json\/wp\/v2\/posts\/530262","targetHints":{"allow":["GET"]}}],"collection":[{"href":"https:\/\/www.europesays.com\/de\/wp-json\/wp\/v2\/posts"}],"about":[{"href":"https:\/\/www.europesays.com\/de\/wp-json\/wp\/v2\/types\/post"}],"author":[{"embeddable":true,"href":"https:\/\/www.europesays.com\/de\/wp-json\/wp\/v2\/users\/2"}],"replies":[{"embeddable":true,"href":"https:\/\/www.europesays.com\/de\/wp-json\/wp\/v2\/comments?post=530262"}],"version-history":[{"count":0,"href":"https:\/\/www.europesays.com\/de\/wp-json\/wp\/v2\/posts\/530262\/revisions"}],"wp:featuredmedia":[{"embeddable":true,"href":"https:\/\/www.europesays.com\/de\/wp-json\/wp\/v2\/media\/386213"}],"wp:attachment":[{"href":"https:\/\/www.europesays.com\/de\/wp-json\/wp\/v2\/media?parent=530262"}],"wp:term":[{"taxonomy":"category","embeddable":true,"href":"https:\/\/www.europesays.com\/de\/wp-json\/wp\/v2\/categories?post=530262"},{"taxonomy":"post_tag","embeddable":true,"href":"https:\/\/www.europesays.com\/de\/wp-json\/wp\/v2\/tags?post=530262"}],"curies":[{"name":"wp","href":"https:\/\/api.w.org\/{rel}","templated":true}]}}