{"id":530275,"date":"2025-10-27T10:49:13","date_gmt":"2025-10-27T10:49:13","guid":{"rendered":"https:\/\/www.europesays.com\/de\/530275\/"},"modified":"2025-10-27T10:49:13","modified_gmt":"2025-10-27T10:49:13","slug":"schuesse-am-karl-schiller-berufskolleg-dortmund-taeter-fluechtig","status":"publish","type":"post","link":"https:\/\/www.europesays.com\/de\/530275\/","title":{"rendered":"Sch\u00fcsse am Karl-Schiller-Berufskolleg Dortmund \u2013 T\u00e4ter fl\u00fcchtig"},"content":{"rendered":"<p>\t\tSch\u00fcsse aus PTB-Waffe an Dortmunder Schule<br \/>\n\t\t\t\t\tEin T\u00e4ter fl\u00fcchtig<\/p>\n<p>\t\t<img alt=\"\" src=\"https:\/\/www.europesays.com\/de\/wp-content\/uploads\/2025\/10\/630_0036_1352228_.jpg\"  class=\"avatar avatar-36 photo avatar-default\" height=\"36\" width=\"36\" loading=\"eager\" decoding=\"async\"\/>\t\t<a class=\"article-author__name\" href=\"https:\/\/www.ruhrnachrichten.de\/author\/julius-obhues\/\" rel=\"author nofollow noopener\" target=\"_blank\">Julius Obhues<\/a><br \/>\n\t\tVolont\u00e4r<\/p>\n<p>    <a href=\"https:\/\/www.ruhrnachrichten.de\/wp-content\/uploads\/2025\/10\/27\/10\/630_0900_5229743_-1648x824.jpg\" rel=\"nofollow noopener\" target=\"_blank\"><\/p>\n<p>            <img decoding=\"async\" fetchpriority=\"high\" src=\"https:\/\/www.europesays.com\/de\/wp-content\/uploads\/2025\/10\/630_0900_5229742_-640x428.jpg\" width=\"640\" height=\"428\"  alt=\"\"\/><\/p>\n<p>    <\/a><br \/>\n    Eilmeldung: Sobald wir weitere Informationen haben, berichten wir an dieser Stelle weiter. \u00a9 Grafik Klose<\/p>\n<p class=\"article__teaser-text\">Am Karl-Schiller-Berufkolleg ist es am Morgen zu einer gef\u00e4hrlichen K\u00f6rperverletzung gekommen. Eine Person ist fl\u00fcchtig. Die Polizei ist vor Ort.<\/p>\n<p>1 Min Lesezeit<\/p>\n<p>Was ist eine PTB-Waffe?<\/p>\n","protected":false},"excerpt":{"rendered":"Sch\u00fcsse aus PTB-Waffe an Dortmunder Schule Ein T\u00e4ter fl\u00fcchtig Julius Obhues Volont\u00e4r Eilmeldung: Sobald wir weitere Informationen haben,&hellip;\n","protected":false},"author":2,"featured_media":530276,"comment_status":"","ping_status":"","sticky":false,"template":"","format":"standard","meta":{"footnotes":""},"categories":[1833],"tags":[1950,3364,29,217,30,1209,4908],"class_list":{"0":"post-530275","1":"post","2":"type-post","3":"status-publish","4":"format-standard","5":"has-post-thumbnail","7":"category-dortmund","8":"tag-blaulicht","9":"tag-de","10":"tag-deutschland","11":"tag-dortmund","12":"tag-germany","13":"tag-nordrhein-westfalen","14":"tag-polizeieinsatz"},"share_on_mastodon":{"url":"https:\/\/pubeurope.com\/@de\/115445744894212973","error":""},"_links":{"self":[{"href":"https:\/\/www.europesays.com\/de\/wp-json\/wp\/v2\/posts\/530275","targetHints":{"allow":["GET"]}}],"collection":[{"href":"https:\/\/www.europesays.com\/de\/wp-json\/wp\/v2\/posts"}],"about":[{"href":"https:\/\/www.europesays.com\/de\/wp-json\/wp\/v2\/types\/post"}],"author":[{"embeddable":true,"href":"https:\/\/www.europesays.com\/de\/wp-json\/wp\/v2\/users\/2"}],"replies":[{"embeddable":true,"href":"https:\/\/www.europesays.com\/de\/wp-json\/wp\/v2\/comments?post=530275"}],"version-history":[{"count":0,"href":"https:\/\/www.europesays.com\/de\/wp-json\/wp\/v2\/posts\/530275\/revisions"}],"wp:featuredmedia":[{"embeddable":true,"href":"https:\/\/www.europesays.com\/de\/wp-json\/wp\/v2\/media\/530276"}],"wp:attachment":[{"href":"https:\/\/www.europesays.com\/de\/wp-json\/wp\/v2\/media?parent=530275"}],"wp:term":[{"taxonomy":"category","embeddable":true,"href":"https:\/\/www.europesays.com\/de\/wp-json\/wp\/v2\/categories?post=530275"},{"taxonomy":"post_tag","embeddable":true,"href":"https:\/\/www.europesays.com\/de\/wp-json\/wp\/v2\/tags?post=530275"}],"curies":[{"name":"wp","href":"https:\/\/api.w.org\/{rel}","templated":true}]}}