{"id":530277,"date":"2025-10-27T10:50:19","date_gmt":"2025-10-27T10:50:19","guid":{"rendered":"https:\/\/www.europesays.com\/de\/530277\/"},"modified":"2025-10-27T10:50:19","modified_gmt":"2025-10-27T10:50:19","slug":"dortmund-jugendlicher-15-mit-schusswaffe-bedroht-und-beraubt-regional","status":"publish","type":"post","link":"https:\/\/www.europesays.com\/de\/530277\/","title":{"rendered":"Dortmund: Jugendlicher (15) mit Schusswaffe bedroht und beraubt | Regional"},"content":{"rendered":"<p>Dortmund \u2013 <b>Ein 15-j\u00e4hriger Junge wurde am Freitagnachmittag, 24.10.2025, in Dortmund-Kirchderne mit einer Schusswaffe bedroht und ausgeraubt.<\/b><\/p>\n<p>Der Jugendliche aus Bottrop stieg an der Bahnhaltestelle Kirchderne aus und ging die Stra\u00dfe \u00abIm Karrenberg\u00bb in n\u00f6rdliche Richtung entlang. Gegen 14.15 Uhr trat ihm auf H\u00f6he der Hausnummer 2 ein maskierter Jugendlicher entgegen und forderte unter Vorhalt einer schwarzen Pistole Bargeld. Der 15-J\u00e4hrige \u00fcbergab daraufhin eine niedrige dreistellige Summe.<\/p>\n<p>Auch interessant<\/p>\n<p>Anzeige<\/p>\n<p>Auch interessant<\/p>\n<p>Anzeige<\/p>\n<p>Der T\u00e4ter, etwa 16 bis 17 Jahre alt, trug eine schwarze Jacke, blaue Hose, schwarze Tasche und war mit einer gr\u00fcnen Maske maskiert. Er hatte blonde, lockige Haare und fl\u00fcchtete in ein nahegelegenes Waldst\u00fcck.<\/p>\n<p>Trotz sofort eingeleiteter Fahndung blieb der T\u00e4ter unauffindbar. Die Polizei hat ein Strafverfahren wegen r\u00e4uberischer Erpressung eingeleitet und bittet um Hinweise. Wer Informationen zur Tat oder zum T\u00e4ter geben kann, meldet sich bitte unter 0231\/132-7441 bei der Kriminalwache.<\/p>\n<p>Dieser Text basiert auf einer offiziellen Beh\u00f6rden-Information und wurde mit Hilfe von KI erstellt.<\/p>\n","protected":false},"excerpt":{"rendered":"Dortmund \u2013 Ein 15-j\u00e4hriger Junge wurde am Freitagnachmittag, 24.10.2025, in Dortmund-Kirchderne mit einer Schusswaffe bedroht und ausgeraubt. Der&hellip;\n","protected":false},"author":2,"featured_media":464133,"comment_status":"","ping_status":"","sticky":false,"template":"","format":"standard","meta":{"footnotes":""},"categories":[1833],"tags":[3364,29,1686,217,30,1000,2509,1209,45,1995],"class_list":{"0":"post-530277","1":"post","2":"type-post","3":"status-publish","4":"format-standard","5":"has-post-thumbnail","7":"category-dortmund","8":"tag-de","9":"tag-deutschland","10":"tag-diebstahl","11":"tag-dortmund","12":"tag-germany","13":"tag-gewalt","14":"tag-ki-ots","15":"tag-nordrhein-westfalen","16":"tag-texttospeech","17":"tag-verbrechen"},"share_on_mastodon":{"url":"https:\/\/pubeurope.com\/@de\/115445748475053665","error":""},"_links":{"self":[{"href":"https:\/\/www.europesays.com\/de\/wp-json\/wp\/v2\/posts\/530277","targetHints":{"allow":["GET"]}}],"collection":[{"href":"https:\/\/www.europesays.com\/de\/wp-json\/wp\/v2\/posts"}],"about":[{"href":"https:\/\/www.europesays.com\/de\/wp-json\/wp\/v2\/types\/post"}],"author":[{"embeddable":true,"href":"https:\/\/www.europesays.com\/de\/wp-json\/wp\/v2\/users\/2"}],"replies":[{"embeddable":true,"href":"https:\/\/www.europesays.com\/de\/wp-json\/wp\/v2\/comments?post=530277"}],"version-history":[{"count":0,"href":"https:\/\/www.europesays.com\/de\/wp-json\/wp\/v2\/posts\/530277\/revisions"}],"wp:featuredmedia":[{"embeddable":true,"href":"https:\/\/www.europesays.com\/de\/wp-json\/wp\/v2\/media\/464133"}],"wp:attachment":[{"href":"https:\/\/www.europesays.com\/de\/wp-json\/wp\/v2\/media?parent=530277"}],"wp:term":[{"taxonomy":"category","embeddable":true,"href":"https:\/\/www.europesays.com\/de\/wp-json\/wp\/v2\/categories?post=530277"},{"taxonomy":"post_tag","embeddable":true,"href":"https:\/\/www.europesays.com\/de\/wp-json\/wp\/v2\/tags?post=530277"}],"curies":[{"name":"wp","href":"https:\/\/api.w.org\/{rel}","templated":true}]}}