{"id":530283,"date":"2025-10-27T10:54:14","date_gmt":"2025-10-27T10:54:14","guid":{"rendered":"https:\/\/www.europesays.com\/de\/530283\/"},"modified":"2025-10-27T10:54:14","modified_gmt":"2025-10-27T10:54:14","slug":"benrather-ruderer-machen-club-gelaende-winterfest","status":"publish","type":"post","link":"https:\/\/www.europesays.com\/de\/530283\/","title":{"rendered":"Benrather Ruderer machen Club-Gel\u00e4nde winterfest"},"content":{"rendered":"<p class=\"text_ohne_einzug richtext text-em-55 !leading-serif mx-6 desktop:mx-0\">Knapp zwei Stunden dauerte am Samstag die gemeinschaftliche Aktion, dann war nach Aufr\u00e4umen, Putzen und Kehren die Arbeit getan \u2013 und das Vereinsgel\u00e4nde der Ruder Gesellschaft Benrath (RGB) am Benrather Schlossufer strahlte im winterfesten Glanz. 13 freiwillige Ruder-Aktive hatten den Hof vor dem Bootshaus vom Laub befreit und auch die Boots-Garage ges\u00e4ubert und dort Strohreste von der Teilnahme am Urdenbacher Erntedank-Umzug in Laubs\u00e4cken entsorgt \u2013 und damit war das allj\u00e4hrliche Ende der sommerlichen Ruder-Saison eingel\u00e4utet. Am Sonntag folgten das offizielle Abrudern und ein gem\u00fctliches Beisammensein mit Kaffee und Kuchen in der G\u00e4stestube des Clubhauses.<\/p>\n","protected":false},"excerpt":{"rendered":"Knapp zwei Stunden dauerte am Samstag die gemeinschaftliche Aktion, dann war nach Aufr\u00e4umen, Putzen und Kehren die Arbeit&hellip;\n","protected":false},"author":2,"featured_media":530284,"comment_status":"","ping_status":"","sticky":false,"template":"","format":"standard","meta":{"footnotes":""},"categories":[1831],"tags":[130372,130379,12180,27585,13228,130374,130383,13126,130382,125027,3364,29,3405,30,1209,130370,83367,130376,33182,130377,130381,130378,130371,265,2884,130375,130373,130380],"class_list":{"0":"post-530283","1":"post","2":"type-post","3":"status-publish","4":"format-standard","5":"has-post-thumbnail","7":"category-duesseldorf","8":"tag-abrudern","9":"tag-abruderns","10":"tag-benrath","11":"tag-benrather","12":"tag-boote","13":"tag-boots","14":"tag-bootsanhaenger","15":"tag-bootshaus","16":"tag-bootssportler","17":"tag-bootstour","18":"tag-de","19":"tag-deutschland","20":"tag-duesseldorf","21":"tag-germany","22":"tag-nordrhein-westfalen","23":"tag-rgb","24":"tag-ruder","25":"tag-ruderaktive","26":"tag-ruderer","27":"tag-ruderrinnen","28":"tag-ruderspass","29":"tag-saisonrudern","30":"tag-schlossufer","31":"tag-sport","32":"tag-tour","33":"tag-weihnachtsrudern","34":"tag-winterfest","35":"tag-winterrudern"},"share_on_mastodon":{"url":"https:\/\/pubeurope.com\/@de\/115445764470319473","error":""},"_links":{"self":[{"href":"https:\/\/www.europesays.com\/de\/wp-json\/wp\/v2\/posts\/530283","targetHints":{"allow":["GET"]}}],"collection":[{"href":"https:\/\/www.europesays.com\/de\/wp-json\/wp\/v2\/posts"}],"about":[{"href":"https:\/\/www.europesays.com\/de\/wp-json\/wp\/v2\/types\/post"}],"author":[{"embeddable":true,"href":"https:\/\/www.europesays.com\/de\/wp-json\/wp\/v2\/users\/2"}],"replies":[{"embeddable":true,"href":"https:\/\/www.europesays.com\/de\/wp-json\/wp\/v2\/comments?post=530283"}],"version-history":[{"count":0,"href":"https:\/\/www.europesays.com\/de\/wp-json\/wp\/v2\/posts\/530283\/revisions"}],"wp:featuredmedia":[{"embeddable":true,"href":"https:\/\/www.europesays.com\/de\/wp-json\/wp\/v2\/media\/530284"}],"wp:attachment":[{"href":"https:\/\/www.europesays.com\/de\/wp-json\/wp\/v2\/media?parent=530283"}],"wp:term":[{"taxonomy":"category","embeddable":true,"href":"https:\/\/www.europesays.com\/de\/wp-json\/wp\/v2\/categories?post=530283"},{"taxonomy":"post_tag","embeddable":true,"href":"https:\/\/www.europesays.com\/de\/wp-json\/wp\/v2\/tags?post=530283"}],"curies":[{"name":"wp","href":"https:\/\/api.w.org\/{rel}","templated":true}]}}