{"id":530290,"date":"2025-10-27T10:58:11","date_gmt":"2025-10-27T10:58:11","guid":{"rendered":"https:\/\/www.europesays.com\/de\/530290\/"},"modified":"2025-10-27T10:58:11","modified_gmt":"2025-10-27T10:58:11","slug":"ausflugstipp-mit-herbst-atmosphaere-baumwipfelweg-bad-camberg","status":"publish","type":"post","link":"https:\/\/www.europesays.com\/de\/530290\/","title":{"rendered":"Ausflugstipp mit Herbst-Atmosph\u00e4re \u2013 Baumwipfelweg Bad Camberg"},"content":{"rendered":"<p class=\"text-18 leading-17\">Es geht durch alle Etagen des Waldes. Der Weg beginnt auf H\u00f6he der St\u00e4mme, schon bald befindet man sich dann in den Baumkronen und am Ende kann man \u00fcber die B\u00e4ume hinwegschauen. Auf dem h\u00f6chsten Punkt auf solch einer Plattform stehend gibt es einen 360-Grad-Blick \u00fcber den Taunus. Bei klarem Wetter belohnt ein herrlicher Blick \u00fcber den Goldenen Grund bis hin zum Gro\u00dfen Feldberg. Ein Nachteil der Anlage: Wegen der zahlreichen Treppen ist sie nicht barrierefrei.<\/p>\n<p class=\"text-18 leading-17\">Die Anfahrt dauert rund 50 Minuten mit dem Auto von Frankfurt, der Parkplatz &#8222;Vorderwald&#8220; liegt mitten an der Landstra\u00dfe 3031, in der N\u00e4he vom Hotel Waldschloss. Ein Holzschild weist auf den Baumwipfelpfad hin. Auch per \u00d6PNV ist Bad Camberg von Frankfurt aus \u00fcber die S2 nach Niedernhausen erreichbar. Der Pfad hat t\u00e4glich ge\u00f6ffnet ab 10 Uhr und schlie\u00dft bei Einbruch der D\u00e4mmerung gegen 18 Uhr, nach der Zeitumstellung im Herbst um 17 Uhr. Erwachsene zahlen 9 Euro, Kinder ab vier Jahren zahlen 6 Euro.<\/p>\n","protected":false},"excerpt":{"rendered":"Es geht durch alle Etagen des Waldes. Der Weg beginnt auf H\u00f6he der St\u00e4mme, schon bald befindet man&hellip;\n","protected":false},"author":2,"featured_media":530291,"comment_status":"","ping_status":"","sticky":false,"template":"","format":"standard","meta":{"footnotes":""},"categories":[1829],"tags":[2201,522,2851,3904,5071,130385,130386,29,2196,2050,2051,30,2052,1598,13023,99036],"class_list":{"0":"post-530290","1":"post","2":"type-post","3":"status-publish","4":"format-standard","5":"has-post-thumbnail","7":"category-frankfurt-am-main","8":"tag-2201","9":"tag-522","10":"tag-ausflugstipp","11":"tag-ausflugstipp-frankfurt","12":"tag-ausflugsziel","13":"tag-bad-camberg","14":"tag-baumwipfelweg","15":"tag-deutschland","16":"tag-feldberg","17":"tag-frankfurt","18":"tag-frankfurt-am-main","19":"tag-germany","20":"tag-hessen","21":"tag-restaurant","22":"tag-taunus","23":"tag-weitblick"},"share_on_mastodon":{"url":"https:\/\/pubeurope.com\/@de\/115445779885117872","error":""},"_links":{"self":[{"href":"https:\/\/www.europesays.com\/de\/wp-json\/wp\/v2\/posts\/530290","targetHints":{"allow":["GET"]}}],"collection":[{"href":"https:\/\/www.europesays.com\/de\/wp-json\/wp\/v2\/posts"}],"about":[{"href":"https:\/\/www.europesays.com\/de\/wp-json\/wp\/v2\/types\/post"}],"author":[{"embeddable":true,"href":"https:\/\/www.europesays.com\/de\/wp-json\/wp\/v2\/users\/2"}],"replies":[{"embeddable":true,"href":"https:\/\/www.europesays.com\/de\/wp-json\/wp\/v2\/comments?post=530290"}],"version-history":[{"count":0,"href":"https:\/\/www.europesays.com\/de\/wp-json\/wp\/v2\/posts\/530290\/revisions"}],"wp:featuredmedia":[{"embeddable":true,"href":"https:\/\/www.europesays.com\/de\/wp-json\/wp\/v2\/media\/530291"}],"wp:attachment":[{"href":"https:\/\/www.europesays.com\/de\/wp-json\/wp\/v2\/media?parent=530290"}],"wp:term":[{"taxonomy":"category","embeddable":true,"href":"https:\/\/www.europesays.com\/de\/wp-json\/wp\/v2\/categories?post=530290"},{"taxonomy":"post_tag","embeddable":true,"href":"https:\/\/www.europesays.com\/de\/wp-json\/wp\/v2\/tags?post=530290"}],"curies":[{"name":"wp","href":"https:\/\/api.w.org\/{rel}","templated":true}]}}