{"id":530294,"date":"2025-10-27T11:00:18","date_gmt":"2025-10-27T11:00:18","guid":{"rendered":"https:\/\/www.europesays.com\/de\/530294\/"},"modified":"2025-10-27T11:00:18","modified_gmt":"2025-10-27T11:00:18","slug":"so-startet-der-fc-in-die-bayern-woche","status":"publish","type":"post","link":"https:\/\/www.europesays.com\/de\/530294\/","title":{"rendered":"So startet der FC in die Bayern-Woche"},"content":{"rendered":"<p>Newsblog zum 1. FC K\u00f6ln <\/p>\n<p>Nach dem H\u00fcbers-Schock: So startet der FC in die Bayern-Woche<\/p>\n<p>Aktualisiert am 27.10.2025 &#8211; 11:47 UhrLesedauer: 23 Min.<\/p>\n<p><a href=\"#focus-0\" class=\"transition-colors duration-200 block text-current relative\" data-sctrack=\"FocusGalleryImage.Reference\"><img fetchpriority=\"high\" data-testid=\"Opener.Image\" style=\"--lqipURL:url('https:\/\/images.t-online.de\/2025\/10\/tPtaX6q9JCrH\/0x0:3584x2016\/fit-in\/150x0\/filters:blur(25)\/training-1-fc-koeln-cenk-oezkacar-1-fc-koeln-15-102025-bild-local-caption-sport-training-1-fc-koeln-cenk-oezkacar-1-fc-koeln-15-10-2025-bild-local-caption.jpg')\"   loading=\"eager\" src=\"https:\/\/www.europesays.com\/de\/wp-content\/uploads\/2025\/10\/training-1-fc-koeln-cenk-oezkacar-1-fc-koeln-15-102025-bild-local-caption-sport-training-1-fc-koeln-.jpeg\" alt=\"imago images 1067798350\" title=\"imago images 1067798350\" width=\"3584\" height=\"2016\" class=\"bg-[url:var(--lqipURL)] bg-cover bg-center flex h-full w-full max-w-full\" decoding=\"async\"\/><img style=\"--width:32;--height:32\" loading=\"lazy\" src=\"https:\/\/www.t-online.de\/s\/paper\/_next\/static\/media\/zoom-in.f7dae02f.svg\" alt=\"Vergr\u00f6\u00dfern des Bildes\" title=\"Vergr\u00f6\u00dfern des Bildes\" class=\"block h-[calc(var(--height)_\/_16_*_1rem)] w-[calc(var(--width)_\/_16_*_1rem)] max-w-none absolute bottom-8 right-8 rounded-4 bg-snow p-8\" decoding=\"async\"\/><\/a><\/p>\n<p>Cenk \u00d6zkacar konnte am Montag wieder trainieren. (Quelle: IMAGO\/Herbert Bucco\/imago)<\/p>\n<p class=\"font-bold text-18 leading-17\">Der 1. FC K\u00f6ln spielt in dieser Saison wieder erstklassig. Im Newsticker auf t-online finden Sie alle wichtigen Meldungen rund um die &#8222;Gei\u00dfb\u00f6cke&#8220;.<\/p>\n<p class=\"text-18 leading-17\">Zwei Tage nach der 0:1-Niederlage bei <a class=\"transition-colors duration-200 cursor-pointer text-inherit no-underline text-salemsfur md:hover:text-magenta md:hover:border-magenta md:focus:text-magenta border-current border-b border-solid break-words\" href=\"https:\/\/www.t-online.de\/themen\/borussia-dortmund\/\" data-sctrack=\"BodyAnchor\" target=\"_blank\" rel=\"noopener\">Borussia Dortmund<\/a> und dem Schock um die schwere Verletzung von Timo H\u00fcbers hat der <a class=\"transition-colors duration-200 cursor-pointer text-inherit no-underline text-salemsfur md:hover:text-magenta md:hover:border-magenta md:focus:text-magenta border-current border-b border-solid break-words\" href=\"https:\/\/www.t-online.de\/themen\/1-fc-koeln\/\" data-sctrack=\"BodyAnchor\" target=\"_blank\" rel=\"noopener\">1. FC K\u00f6ln<\/a> die Vorbereitung auf das Pokal-Spiel gegen den <a class=\"transition-colors duration-200 cursor-pointer text-inherit no-underline text-salemsfur md:hover:text-magenta md:hover:border-magenta md:focus:text-magenta border-current border-b border-solid break-words\" href=\"https:\/\/www.t-online.de\/themen\/fc-bayern-muenchen\/\" data-sctrack=\"BodyAnchor\" target=\"_blank\" rel=\"noopener\">FC Bayern M\u00fcnchen<\/a> (Mittwoch, 20.45 Uhr) aufgenommen. Abgesehen der langzeitverletzten Luca Kilian, Rav van den Berg, Jan Thielmann und eben H\u00fcbers hatte Trainer Lukas Kwasniok dabei keinen weiteren Ausfall zu verkraften.<\/p>\n<p class=\"text-18 leading-17\">So konnte auch Cenk \u00d6zkacar, der am Samstag noch mit einem &#8222;Ganzk\u00f6rperkrampf&#8220; hatte ausgewechselt werden m\u00fcssen, gro\u00dfe Teile der Einheit absolvieren. Aufgrund von Belastungssteuerung ging der Innenverteidiger aber nach rund 45 Minuten vom Feld. Ebenfalls mit auf dem Rasen stand U21-Verteidiger Yannick Mausehund. Nach dem inzwischen dritten langfristigen Ausfall eines Innenverteidigers d\u00fcrfte der 19-J\u00e4hrige nun vorerst fester Bestandteil des Trainingskaders von Lukas Kwasniok sein.<\/p>\n<p class=\"text-18 leading-17\">Sonntag, 26. Oktober 2025<\/p>\n<p class=\"text-18 leading-17\">Timo H\u00fcbers, der sich am Samstagabend eine schwere Knieverletzung zugezogen hat, war nicht der einzige Profi des 1. <a class=\"transition-colors duration-200 cursor-pointer text-inherit no-underline text-salemsfur md:hover:text-magenta md:hover:border-magenta md:focus:text-magenta border-current border-b border-solid break-words\" href=\"https:\/\/www.t-online.de\/themen\/1-fc-koeln\/\" data-sctrack=\"BodyAnchor\" target=\"_blank\" rel=\"noopener\">FC K\u00f6ln<\/a>, der bei der 0:1-Niederlage in <a class=\"transition-colors duration-200 cursor-pointer text-inherit no-underline text-salemsfur md:hover:text-magenta md:hover:border-magenta md:focus:text-magenta border-current border-b border-solid break-words\" href=\"https:\/\/www.t-online.de\/region\/dortmund\/\" data-sctrack=\"BodyAnchor\" target=\"_blank\" rel=\"noopener\">Dortmund<\/a> verletzungsbedingt ausgewechselt wurde. Bereits nach 55 Minute hatte es mit Cenk \u00d6zkacar einen weiteren Abwehrakteur der K\u00f6lner erwischt.<\/p>\n<p class=\"text-18 leading-17\">Beim neunfachen t\u00fcrkischen Nationalspieler konnte Lukas Kwasniok allerdings Entwarnung geben. \u00d6zkacar, der erstmals in der K\u00f6lner Bundesliga-Startelf stand, habe &#8222;einfach l\u00e4nger nicht gespielt&#8220;, erkl\u00e4rte der FC-Trainer und stellte fest: &#8222;Er hatte einen Ganzk\u00f6rperkrampf, deswegen mussten wir handeln.&#8220; Eine strukturelle Verletzung, die einen Ausfall nach sich ziehen w\u00fcrde, liegt offenbar nicht vor.<\/p>\n<p class=\"text-18 leading-17\">Freitag, 24. Oktober 2025<\/p>\n<p class=\"text-18 leading-17\">Dem 1. FC K\u00f6ln droht in Dortmund wom\u00f6glich doch kein doppelter Ausfall in der Offensive. W\u00e4hrend Jan Thielmann aufgrund eines Muskelfaserrisses in den kommenden Wochen definitiv fehlt, ist Linton Maina am Freitagvormittag ins Mannschaftstraining zur\u00fcckgekehrt. Der Fl\u00fcgelst\u00fcrmer hatte am Donnerstag krankheitsbedingt ausgesetzt.<\/p>\n","protected":false},"excerpt":{"rendered":"Newsblog zum 1. FC K\u00f6ln Nach dem H\u00fcbers-Schock: So startet der FC in die Bayern-Woche Aktualisiert am 27.10.2025&hellip;\n","protected":false},"author":2,"featured_media":439698,"comment_status":"","ping_status":"","sticky":false,"template":"","format":"standard","meta":{"footnotes":""},"categories":[1828],"tags":[623,3175,3176,3174,3177,87238,3167,815,3166,403,29,481,1264,217,15184,3153,458,485,130387,3138,30,3150,3152,1420,3134,3149,3142,16069,86563,3143,3169,3160,3172,3170,3168,1552,1209,93586,14701,226,3141,3171,3165],"class_list":{"0":"post-530294","1":"post","2":"type-post","3":"status-publish","4":"format-standard","5":"has-post-thumbnail","7":"category-koeln","8":"tag-1-fc-koeln","9":"tag-3175","10":"tag-3176","11":"tag-3174","12":"tag-3177","13":"tag-87238","14":"tag-anthony-modeste","15":"tag-borussia-moenchengladbach","16":"tag-britta-carlson","17":"tag-bvb","18":"tag-deutschland","19":"tag-dfb","20":"tag-dfb-pokal","21":"tag-dortmund","22":"tag-el-mala","23":"tag-eric-martel","24":"tag-fc-bayern-muenchen","25":"tag-fussball-bundesliga","26":"tag-ganzkoerperkrampf","27":"tag-geissbock","28":"tag-germany","29":"tag-hamburger-sv","30":"tag-jan-thielmann","31":"tag-koeln","32":"tag-linton-maina","33":"tag-luca-kilian","34":"tag-luca-waldschmidt","35":"tag-lukas-kwasniok","36":"tag-marius-buelter","37":"tag-mark-uth","38":"tag-markus-rejek","39":"tag-mathias-olesen","40":"tag-max-finkgraefe","41":"tag-maximilian-schmid","42":"tag-meiko-sponsel","43":"tag-newsticker","44":"tag-nordrhein-westfalen","45":"tag-oezkacar","46":"tag-rasen","47":"tag-t-online","48":"tag-timo-huebers","49":"tag-trainingslager","50":"tag-transfermarkt"},"share_on_mastodon":{"url":"","error":"Validation failed: Text character limit of 500 exceeded"},"_links":{"self":[{"href":"https:\/\/www.europesays.com\/de\/wp-json\/wp\/v2\/posts\/530294","targetHints":{"allow":["GET"]}}],"collection":[{"href":"https:\/\/www.europesays.com\/de\/wp-json\/wp\/v2\/posts"}],"about":[{"href":"https:\/\/www.europesays.com\/de\/wp-json\/wp\/v2\/types\/post"}],"author":[{"embeddable":true,"href":"https:\/\/www.europesays.com\/de\/wp-json\/wp\/v2\/users\/2"}],"replies":[{"embeddable":true,"href":"https:\/\/www.europesays.com\/de\/wp-json\/wp\/v2\/comments?post=530294"}],"version-history":[{"count":0,"href":"https:\/\/www.europesays.com\/de\/wp-json\/wp\/v2\/posts\/530294\/revisions"}],"wp:featuredmedia":[{"embeddable":true,"href":"https:\/\/www.europesays.com\/de\/wp-json\/wp\/v2\/media\/439698"}],"wp:attachment":[{"href":"https:\/\/www.europesays.com\/de\/wp-json\/wp\/v2\/media?parent=530294"}],"wp:term":[{"taxonomy":"category","embeddable":true,"href":"https:\/\/www.europesays.com\/de\/wp-json\/wp\/v2\/categories?post=530294"},{"taxonomy":"post_tag","embeddable":true,"href":"https:\/\/www.europesays.com\/de\/wp-json\/wp\/v2\/tags?post=530294"}],"curies":[{"name":"wp","href":"https:\/\/api.w.org\/{rel}","templated":true}]}}