{"id":530333,"date":"2025-10-27T11:25:18","date_gmt":"2025-10-27T11:25:18","guid":{"rendered":"https:\/\/www.europesays.com\/de\/530333\/"},"modified":"2025-10-27T11:25:18","modified_gmt":"2025-10-27T11:25:18","slug":"der-fc-bayern-will-sich-noch-ein-stadion-kaufen-sport","status":"publish","type":"post","link":"https:\/\/www.europesays.com\/de\/530333\/","title":{"rendered":"Der FC Bayern will sich noch ein Stadion kaufen | Sport"},"content":{"rendered":"<p><b>Noch ein Stadion f\u00fcr den FC Bayern? <\/b><\/p>\n<p>Nach BILD-Informationen steht der Deutsche Rekordmeister kurz davor, ein weiteres Stadion zu kaufen.<\/p>\n<p>\u201eWar 23 Jahre da\u201c: Eberl zur Gladbach-Krise<a class=\"anchor video-teaser__anchor\" href=\"https:\/\/www.bild.de\/sport\/fussball\/war-23-jahre-da-eberl-zur-gladbach-krise-68fb3d5359e2e0975070a308\" target=\"_blank\" rel=\"noopener\"><img decoding=\"async\" width=\"992\" height=\"558\" alt=\"Teaser-Bild\" src=\"https:\/\/www.europesays.com\/de\/wp-content\/uploads\/2025\/10\/9b6cddd53b7a4d75cbc0fd188e555dab-landscape,2aa6994f\"   class=\"landscape teaser__image\" loading=\"lazy\"\/><\/a><\/p>\n<p>Quelle: BILD24.10.2025<\/p>\n<p>Seit 2005 spielt der Rekordmeister in der Allianz Arena. Seit 2017 gibt es den Bayern-Campus, wo unter anderem der Nachwuchs und die Frauen des Vereins ihre Spiele austragen. Doch dort passen nur 2500 Zuschauer rein. <\/p>\n<p><b>Zu wenig f\u00fcr die Ambitionen der Bayern! Deshalb sind die M\u00fcnchner hei\u00df auf Haching!<\/b><\/p>\n<p><img decoding=\"async\" width=\"992\" height=\"558\" alt=\"So sieht der Uhlsportpark der Hachinger aus\" src=\"https:\/\/www.europesays.com\/de\/wp-content\/uploads\/2025\/10\/677d33a3e21c4970e7462d28551a00e9,3ab1c20\"   class=\"landscape\" loading=\"lazy\"\/><\/p>\n<p class=\"fig__caption__text\">So sieht der Uhlsportpark der Hachinger aus<\/p>\n<p>Foto: picture alliance \/ Wagner<\/p>\n<p>F\u00fcr rund 7,5 Millionen Euro soll der Hachinger Sportpark an den FC Bayern gehen. Wie BILD erfuhr, sind die Verhandlungen bereits weit fortgeschritten, die Chancen f\u00fcr die M\u00fcnchner sehr gro\u00df.<\/p>\n<p>Mehr zum Thema<\/p>\n<p>Aktuell spielt im Sportpark Regionalligist Unterhaching. Auch Haching-Pr\u00e4sident Manni Schwabl (59) versuchte \u00fcber mehrere Jahre, sich mit der Stadt zu einigen \u2013 ohne Erfolg. Mittlerweile ist seine Frist f\u00fcr den Kauf verstrichen. <\/p>\n<p><img decoding=\"async\" width=\"992\" height=\"558\" alt=\"Uli Hoene\u00df (l.) und Manni Schwabl sind schon lange befreundet \u2013 hier sind sie 2012 bei der Biathlon-WM\" src=\"https:\/\/www.europesays.com\/de\/wp-content\/uploads\/2025\/10\/288c69cc9b8d4efffaa9e82f464dab46,b8da09e2\"   class=\"landscape\" loading=\"lazy\"\/><\/p>\n<p class=\"fig__caption__text\">Uli Hoene\u00df (l.\/73) und Manni Schwabl (r.\/59) sind schon lange befreundet \u2013 hier sind sie 2012 bei der Biathlon-WM<\/p>\n<p>Foto: picture alliance \/ Augenklick\/Rauchensteiner<\/p>\n<p>Jetzt sind die Bayern am Zug! Der Sportpark, wo die Hachinger von 1999 bis 2002 in der Bundesliga spielten, hat aktuell ein Fassungsverm\u00f6gen von 15.000 Zuschauern. Dass die Frauen des <a href=\"https:\/\/www.bild.de\/sport\/fussball\/bayern-muenchen\/startseite-fc-bayern-muenchen-31074450.bild.html\" class=\"text-link\" target=\"_blank\" rel=\"noopener\">FC Bayerns<\/a> Zuschauer locken, haben sie l\u00e4ngst bewiesen. Top-Spiele, die sie in der Allianz Arena austragen, sorgten zuletzt f\u00fcr eine Rekordkulisse von \u00fcber 50.000 Zuschauern.<\/p>\n<p><b>Und was passiert mit Haching? <\/b><\/p>\n<p>Der Klub kann Mieter bleiben. Denn: Seit rund einem Jahr besteht zwischen Bayern und dem Vorstadt-Verein auch eine Kooperation im Nachwuchsbereich.<\/p>\n<p><b>Bayern und Haching \u2013 das kann eine Erfolgsgeschichte werden &#8230;<\/b><\/p>\n","protected":false},"excerpt":{"rendered":"Noch ein Stadion f\u00fcr den FC Bayern? Nach BILD-Informationen steht der Deutsche Rekordmeister kurz davor, ein weiteres Stadion&hellip;\n","protected":false},"author":2,"featured_media":530334,"comment_status":"","ping_status":"","sticky":false,"template":"","format":"standard","meta":{"footnotes":""},"categories":[5],"tags":[2721,1263,538,458,6578,347,13,14,15,12,130394,1470,15438,45,10,8,9,11,1261,8811],"class_list":{"0":"post-530333","1":"post","2":"type-post","3":"status-publish","4":"format-standard","5":"has-post-thumbnail","7":"category-nachrichten","8":"tag-allianz-arena","9":"tag-aufmacher-bereich","10":"tag-erste-bundesliga","11":"tag-fc-bayern-muenchen","12":"tag-frauen-fussball","13":"tag-fussball","14":"tag-headlines","15":"tag-nachrichten","16":"tag-news","17":"tag-schlagzeilen","18":"tag-schwabl-manni","19":"tag-sport-leuchtturm-muenchen","20":"tag-spvgg-unterhaching","21":"tag-texttospeech","22":"tag-top-news","23":"tag-top-meldungen","24":"tag-topmeldungen","25":"tag-topnews","26":"tag-toralarm-top-news","27":"tag-tsv-1860-muenchen"},"share_on_mastodon":{"url":"https:\/\/pubeurope.com\/@de\/115445886375036784","error":""},"_links":{"self":[{"href":"https:\/\/www.europesays.com\/de\/wp-json\/wp\/v2\/posts\/530333","targetHints":{"allow":["GET"]}}],"collection":[{"href":"https:\/\/www.europesays.com\/de\/wp-json\/wp\/v2\/posts"}],"about":[{"href":"https:\/\/www.europesays.com\/de\/wp-json\/wp\/v2\/types\/post"}],"author":[{"embeddable":true,"href":"https:\/\/www.europesays.com\/de\/wp-json\/wp\/v2\/users\/2"}],"replies":[{"embeddable":true,"href":"https:\/\/www.europesays.com\/de\/wp-json\/wp\/v2\/comments?post=530333"}],"version-history":[{"count":0,"href":"https:\/\/www.europesays.com\/de\/wp-json\/wp\/v2\/posts\/530333\/revisions"}],"wp:featuredmedia":[{"embeddable":true,"href":"https:\/\/www.europesays.com\/de\/wp-json\/wp\/v2\/media\/530334"}],"wp:attachment":[{"href":"https:\/\/www.europesays.com\/de\/wp-json\/wp\/v2\/media?parent=530333"}],"wp:term":[{"taxonomy":"category","embeddable":true,"href":"https:\/\/www.europesays.com\/de\/wp-json\/wp\/v2\/categories?post=530333"},{"taxonomy":"post_tag","embeddable":true,"href":"https:\/\/www.europesays.com\/de\/wp-json\/wp\/v2\/tags?post=530333"}],"curies":[{"name":"wp","href":"https:\/\/api.w.org\/{rel}","templated":true}]}}