{"id":530338,"date":"2025-10-27T11:28:22","date_gmt":"2025-10-27T11:28:22","guid":{"rendered":"https:\/\/www.europesays.com\/de\/530338\/"},"modified":"2025-10-27T11:28:22","modified_gmt":"2025-10-27T11:28:22","slug":"schleswig-holstein-aktuell-nachrichten-im-ueberblick-97","status":"publish","type":"post","link":"https:\/\/www.europesays.com\/de\/530338\/","title":{"rendered":"Schleswig-Holstein aktuell: Nachrichten im \u00dcberblick"},"content":{"rendered":"<p>        <img decoding=\"async\" src=\"https:\/\/www.europesays.com\/de\/wp-content\/uploads\/2025\/10\/nachrichtenkompakt126.webp\" alt=\"Grafik: Eine Sprechblase, in der die Kontur des Landes Schleswig-Holstein abgebildet ist.\" title=\"Grafik: Eine Sprechblase, in der die Kontur des Landes Schleswig-Holstein abgebildet ist. | NDR\" class=\"responsive\"\/><\/p>\n<p>\n            Stand: 27.10.2025 11:48 Uhr<\/p>\n<p class=\"preface\">Nachrichten aus Schleswig-Holstein vom 27. Oktober 2025 &#8211; kompakt und aktuell im Newsblog von NDR SH: Lesen Sie hier im \u00dcberblick, was im Land passiert und noch wichtig wird.<\/p>\n<p class=\"\"><strong>Das Wichtigste in K\u00fcrze:<\/strong><\/p>\n<p>\n        11:38 Uhr\n    <\/p>\n<p>    SH: Fast die H\u00e4lfte der Kita-Kinder in Ganztagsbetreuung<\/p>\n<p class=\"\">Laut Statistikamt Nord sind fast 50 Prozent der Kinder in Schleswig-Holstein in Ganztagsbetreuung. Das sind etwas mehr als noch vor einem Jahr. Am h\u00f6chsten lag die Quote der ganztags betreuten Kinder in <a href=\"https:\/\/www.ndr.de\/nachrichten\/schleswig-holstein\/Kiel-Aktuelle-Nachrichten-News-und-Videos,kiel7262.html\" title=\"Kiel - Aktuelle Nachrichten und Videos\" target=\"_blank\" rel=\"noopener\">Kiel<\/a>, dort sind es 87 Prozent. Dahinter kommt <a href=\"https:\/\/www.ndr.de\/nachrichten\/schleswig-holstein\/Luebeck-Aktuelle-Nachrichten-und-Videos-,luebeck2802.html\" title=\"L\u00fcbeck - Aktuelle Nachrichten und Videos\" target=\"_blank\" rel=\"noopener\">L\u00fcbeck<\/a> mit 80 Prozent. Die geringste Quote gab es im <a href=\"https:\/\/www.ndr.de\/nachrichten\/schleswig-holstein\/Dithmarschen-Aktuelle-Nachrichten-und-Videos,dithmarschen254.html\" title=\"Dithmarschen - Aktuelle Nachrichten und Videos\" target=\"_blank\" rel=\"noopener\">Kreis Dithmarschen<\/a>: Hier werden 29 Prozent der Kinder in der Ganztagsbetreuung versorgt. | NDR Schleswig-Holstein 27.10.2025 12:00 Uhr<\/p>\n<p>\n        08:26 Uhr\n    <\/p>\n<p>    Gl\u00fccksatlas: Schleswig-Holstein auf Platz f\u00fcnf<\/p>\n<p class=\"\">Die <a href=\"https:\/\/www.ndr.de\/nachrichten\/info\/gluecksatlas-2025-hamburger-sind-erneut-am-zufriedensten,gluecksatlas-142.html\" title=\"&quot;Gl\u00fccksatlas 2025&quot;: Hamburger sind erneut am zufriedensten\" target=\"_blank\" rel=\"noopener\">Menschen in Schleswig-Holstein sind laut einer Studie unzufriedener als noch im vergangenen Jahr<\/a>. Das geht aus dem Gl\u00fccksatlas 2025 hervor. Damit ist der Aufw\u00e4rtstrend nach dem Tief w\u00e4hrend der Corona-Pandemie gebrochen und Schleswig-Holstein rutscht im L\u00e4ndervergleich von Platz drei auf Platz f\u00fcnf ab. Am zufriedensten sind laut Studie weiterhin die Menschen in Hamburg. | NDR Schleswig-Holstein 27.10.2025 08:30 Uhr<\/p>\n<p>        <img decoding=\"async\" src=\"https:\/\/www.europesays.com\/de\/wp-content\/uploads\/2025\/10\/hafen-174.webp\" alt=\"Eine Frau sitzt in Hamburg am Elbstrand und geniesst das gute Wetter \" title=\"Eine Frau sitzt in Hamburg am Elbstrand und geniesst das gute Wetter  | picture alliance \/ dpa Themendienst, Christin Klose\" class=\"responsive\" loading=\"lazy\"\/><\/p>\n<p>In einer repr\u00e4sentativen Umfrage zur Lebenszufriedenheit liegt Hamburg wieder auf dem 1. Platz &#8211; Mecklenburg-Vorpommern verharrt auf dem letzten Rang.<\/p>\n<p>\n        08:06 Uhr\n    <\/p>\n<p>    Demo in Wedel wegen AWO-Kita-Insolvenz<\/p>\n<p class=\"\">Die AWO ruft am Montag zu einer Demonstration auf dem Wedeler Rathausplatz auf. Es geht um einen Streit zwischen der Stadt Wedel (<a href=\"https:\/\/www.ndr.de\/nachrichten\/schleswig-holstein\/Kreis-Pinneberg-Aktuelle-Nachrichten-und-Videos,pinneberg280.html\" title=\"Kreis Pinneberg - Aktuelle Nachrichten und Videos\" target=\"_blank\" rel=\"noopener\">Kreis Pinneberg<\/a>) und dem dortigen Ortsverband der Arbeiterwohlfahrt (AWO). Dieser leitet seit vielen Jahren <a href=\"https:\/\/www.ndr.de\/nachrichten\/schleswig-holstein\/awo-ortsverein-wedel-meldet-insolvenz-an-vier-kitas-betroffen,regionnorderstedtnews-368.html\" title=\"AWO-Ortsverein Wedel meldet Insolvenz an: Vier Kitas betroffen\" target=\"_blank\" rel=\"noopener\">vier Kindertagesst\u00e4tten in Wedel<\/a>, musste aber zuletzt Insolvenz anmelden. Die Stadt sagt, die AWO habe ihre Mitarbeitenden jahrelang zu hoch bezahlt, wohl auch mit Zusch\u00fcssen der Stadt. Die fordert deshalb mehr als eine Million Euro zur\u00fcck. Die AWO weist das zur\u00fcck, stattdessen wirft sie der Stadt vor, die AWO absichtlich in die Insolvenz zu treiben, um den Weg f\u00fcr einen billigeren Kita-Tr\u00e4ger frei zu machen. | NDR Schleswig-Holstein 27.10.2025 08:00 Uhr<\/p>\n<p>        <img decoding=\"async\" src=\"https:\/\/www.europesays.com\/de\/wp-content\/uploads\/2025\/10\/kinder1754.webp\" alt=\"Mit Farbe angemalte Kinderh\u00e4nde vor blauem Himmel.\" title=\"Mit Farbe angemalte Kinderh\u00e4nde vor blauem Himmel. | rosabrille \" class=\"responsive\" loading=\"lazy\"\/><\/p>\n<p>In der Auseinandersetzung zwischen Stadt und AWO scheint noch keine Einigung in Sicht. Die AWO macht schwere Vorw\u00fcrfe.<\/p>\n<p>\n        07:58 Uhr\n    <\/p>\n<p>    B\u00fcsumer Hafen soll erweitert werden<\/p>\n<p class=\"\">Schleswig-Holstein will den B\u00fcsumer Hafen (<a href=\"https:\/\/www.ndr.de\/nachrichten\/schleswig-holstein\/Dithmarschen-Aktuelle-Nachrichten-und-Videos,dithmarschen254.html\" title=\"Dithmarschen - Aktuelle Nachrichten und Videos\" target=\"_blank\" rel=\"noopener\">Kreis Dithmarschen<\/a>) erweitern. Im Mittelpunkt steht das Hafenbecken IV. Daf\u00fcr muss das Becken nach Angaben des B\u00fcsumer B\u00fcrgermeisters Oliver Kumbartzky (FDP) zun\u00e4chst ausgebaggert werden. Es soll ein neuer Pier entstehen, dazu neue Fl\u00e4chen und Umschlagpl\u00e4tze f\u00fcr Sch\u00fcttgut. Fr\u00fchestens 2029 k\u00f6nnte mit den Arbeiten begonnen werden. Das Land hat Investitionen von bis zu 20 Millionen Euro in Aussicht gestellt. | NDR Schleswig-Holstein 27.10.2025 08:00 Uhr<\/p>\n<p>        <img decoding=\"async\" src=\"https:\/\/www.europesays.com\/de\/wp-content\/uploads\/2025\/10\/hafen-156.webp\" alt=\"Der Hafen von B\u00fcsum.\" title=\"Der Hafen von B\u00fcsum soll ein neues Hafenbecken bekommen. | picture alliance \/ imageBROKER | alimdi \/ Arterra\" class=\"responsive\" loading=\"lazy\"\/><\/p>\n<p>Entsprechende Pl\u00e4ne sehen eine Nutzung f\u00fcr Sch\u00fcttgutfrachter vor. Fr\u00fchestens 2029 k\u00f6nnte damit begonnen werden.<\/p>\n<p>\n        07:52 Uhr\n    <\/p>\n<p>    Umwege in Nieb\u00fcll wegen Bauarbeiten<\/p>\n<p class=\"\">Autofahrer in Nieb\u00fcll (<a href=\"https:\/\/www.ndr.de\/nachrichten\/schleswig-holstein\/Nordfriesland-Aktuelle-Nachrichten-und-Videos,nordfriesland174.html\" title=\"Nordfriesland - Aktuelle Nachrichten und Videos\" target=\"_blank\" rel=\"noopener\">Kreis Nordfriesland<\/a>) m\u00fcssen sich in den kommenden Wochen auf Umwege einstellen. Die Kreuzung Gather Landstra\u00dfe und Klanxb\u00fcller Stra\u00dfe in Nieb\u00fcll ist von Montag an gesperrt, ebenso der Radweg. Der Grund daf\u00fcr sind Bauarbeiten f\u00fcr einen neuen Kreisverkehr. Die Sperrung soll laut Stadt voraussichtlich bis zum 19. Dezember andauern. | NDR Schleswig-Holstein 27.10.2025 08:00 Uhr<\/p>\n<p>\n        07:49 Uhr\n    <\/p>\n<p>    Halloween-Zeit beginnt: Polizei gibt Tipps zur Sicherheit<\/p>\n<p class=\"\"><a href=\"https:\/\/www.ndr.de\/nachrichten\/schleswig-holstein\/Halloween-Die-schoensten-Gruselerlebnisse-in-Schleswig-Holstein,halloween818.html\" title=\"Halloween 2025: Gruselige Events in SH auf einen Blick\" target=\"_blank\" rel=\"noopener\">In diesen Tagen sind wieder \u00fcberall in Schleswig-Holstein kleine Hexen, Geister und Monster zu sehen &#8211; denn am Freitag ist Halloween.<\/a> Damit der Grusel-Spa\u00df f\u00fcr alle Seiten ungetr\u00fcbt bleibt, r\u00e4t die <a href=\"https:\/\/www.ndr.de\/nachrichten\/schleswig-holstein\/Halloween-Wie-Kinder-sicher-durch-den-Abend-kommen,halloween856.html\" title=\"Halloween f\u00fcr Kinder: Tipps zu Kost\u00fcmen und Sicherheit\u00a0\" target=\"_blank\" rel=\"noopener\">Polizei zur Umsicht<\/a> und r\u00e4t Eltern, ihren Kindern helle oder reflektierende Kost\u00fcme anzuziehen oder Taschenlampen und Leuchtst\u00e4be mitzugeben. Kleinere Kinder sollten dabei niemals alleine unterwegs sein und m\u00fcssten immer von einem Erwachsenen oder \u00e4lteren Geschwistern begleitet werden, so die Polizei. Wichtig sei auch, dass Halloween kein Freifahrtsschein f\u00fcr Vandalismus ist, auch wenn es mal keine S\u00fc\u00dfigkeiten gibt. | NDR Schleswig-Holstein 27.10.2025 08:00 Uhr<\/p>\n<p>        <img decoding=\"async\" src=\"https:\/\/www.europesays.com\/de\/wp-content\/uploads\/2025\/10\/halloween802.webp\" alt=\"Kindern in Kost\u00fcmen feiern Halloween.\" title=\"Kindern in Kost\u00fcmen feiern Halloween. | Colourbox, Pressmaster\" class=\"responsive\" loading=\"lazy\"\/><\/p>\n<p>Kleine Hexen, Monster und Zombies fordern an Halloween &#8222;S\u00fc\u00dfes oder Saures&#8220;. Die Polizei gibt Tipps f\u00fcr sichere Gruselaktionen.<\/p>\n<p>\n        07:30 Uhr\n    <\/p>\n<p>    Schleswig-Holsteiner zieht es aufs Land<\/p>\n<p class=\"\"><a href=\"https:\/\/www.ndr.de\/nachrichten\/schleswig-holstein\/landleben-darum-ist-das-fuer-viele-menschen-in-sh-eine-option,landleben-104.html\" title=\"Landleben: Darum ist das f\u00fcr viele Menschen in SH eine Option\" target=\"_blank\" rel=\"noopener\">Das Leben auf dem Dorf wird in Schleswig-Holstein offenbar wieder attraktiver.<\/a> Nach Zahlen des Statistikamtes Nord wohnten in kleineren Gemeinden Ende vergangenen Jahres etwa 4.000 Menschen mehr als noch 2022. Demnach hat etwa die H\u00e4lfte der rund 1.000 Orte in Schleswig-Holstein mit weniger als 5.000 Einwohnern zuletzt ein Plus verzeichnet. Vom Gemeindetag hei\u00dft es als Begr\u00fcndung, dass sich daf\u00fcr vor allem Familien entschieden, weil es unter anderem in D\u00f6rfern neue und bezahlbare Wohnungen gebe. | NDR Schleswig-Holstein 27.10.2025 06:00 Uhr<\/p>\n<p>        <img decoding=\"async\" src=\"https:\/\/www.europesays.com\/de\/wp-content\/uploads\/2025\/10\/wetterbild-3810.webp\" alt=\"Zwei L\u00e4mmer auf einem Deich. \" title=\"Zwei L\u00e4mmer auf einem Deich.  | NDR\/Michael Hook\" class=\"responsive\" loading=\"lazy\"\/><\/p>\n<p>Vor allem Familien leben laut Gemeindetag wieder h\u00e4ufiger bewusst in einem kleineren Ort. Was zieht sie dorthin?<\/p>\n<p>\n        07:10 Uhr\n    <\/p>\n<p>    Handball: SG Flensburg-Handewitt bleibt ungeschlagen<\/p>\n<p class=\"\"><a href=\"https:\/\/www.ndr.de\/sport\/handball\/flensburg-handewitt-besiegt-erlangen-und-bleibt-an-der-spitze,flensburg-handewitt-180.html\" title=\"SG Flensburg-Handewitt besiegt HC Erlangen und bleibt an der Spitze\" target=\"_blank\" rel=\"noopener\">Die SG Flensburg-Handewitt bleibt Tabellenf\u00fchrer der Handball-Bundesliga<\/a>. Die SG besiegte am Sonntagabend den HC Erlangen mit 36:30 (19:14). Das war bereits der achte Saisonsieg der in der Bundesliga noch immer unbesiegten SG. Bester Werfer mit acht Treffern war Kreisl\u00e4ufer Johannes Golla. Einen D\u00e4mpfer gab es: Simon Pytlick und Christopher Bissel mussten verletzt vom Feld. | NDR Schleswig-Holstein 27.10.2025 06:00 Uhr<\/p>\n<p>        <img decoding=\"async\" src=\"https:\/\/www.europesays.com\/de\/wp-content\/uploads\/2025\/10\/flensburg-234.webp\" alt=\"Flensburgs Benjamin Buric jubelt\" title=\"Flensburgs Benjamin Buric jubelt | Imago Images\/BEAUTIFUL SPORTS\" class=\"responsive\" loading=\"lazy\"\/><\/p>\n<p>Die SG bleibt in der Handball-Bundesliga ungeschlagen. Am Sonntag behaupteten die Schleswig-Holsteiner mit einem 36:30 \u00fcber Erlangen ihre Tabellenf\u00fchrung.<\/p>\n<p>\n        06:55 Uhr\n    <\/p>\n<p>    Demonstration in Kiel gegen &#8222;Stadtbild&#8220;-\u00c4u\u00dferung<\/p>\n<p class=\"\">In <a href=\"https:\/\/www.ndr.de\/nachrichten\/schleswig-holstein\/Kiel-Aktuelle-Nachrichten-News-und-Videos,kiel7262.html\" title=\"Kiel - Aktuelle Nachrichten und Videos\" target=\"_blank\" rel=\"noopener\">Kiel<\/a> hat am Sonntag eine Demonstration gegen die &#8222;Stadtbild&#8220;-\u00c4u\u00dferung von Kanzler Friedrich Merz (CDU) stattgefunden. Unter dem Titel &#8222;T\u00f6chter gegen Merz&#8220; gingen laut Polizei etwa 1.700 Menschen f\u00fcr Zusammenhalt, Vielfalt und Demokratie auf die Stra\u00dfe. Angemeldet waren 1.000. Die Demo begann mit einigen Redebeitr\u00e4gen unterschiedlicher Frauennetzwerke am Kieler Hauptbahnhof. <a href=\"https:\/\/www.ndr.de\/nachrichten\/schleswig-holstein\/toechter-gegen-merz-demo-gegen-stadtbild-aeusserung-in-kiel,stadtbildkiel-100.html\" title=\"&quot;T\u00f6chter gegen Merz&quot;: Demo gegen &quot;Stadtbild&quot;-\u00c4u\u00dferung in Kiel\" target=\"_blank\" rel=\"noopener\">Sp\u00e4ter wurde vor der CDU-Parteizentrale weiter demonstriert<\/a>. Am Sonnabend hatten in <a href=\"https:\/\/www.ndr.de\/nachrichten\/schleswig-holstein\/Luebeck-Aktuelle-Nachrichten-und-Videos-,luebeck2802.html\" title=\"L\u00fcbeck - Aktuelle Nachrichten und Videos\" target=\"_blank\" rel=\"noopener\">L\u00fcbeck<\/a> etwa 300 Menschen gegen die \u00c4u\u00dferung protestiert. | NDR Schleswig-Holstein 27.10.2025 06:00 Uhr<\/p>\n<p>        <img decoding=\"async\" src=\"https:\/\/www.europesays.com\/de\/wp-content\/uploads\/2025\/10\/demo-224.webp\" alt=\"T\u00f6chter-Demo in Kiel.\" title=\"T\u00f6chter-Demo in Kiel. | NDR, Anke R\u00f6sler\" class=\"responsive\" loading=\"lazy\"\/><\/p>\n<p>In Kiel gingen am Sonntag erneut mehr als 1.000 Menschen f\u00fcr Zusammenhalt, Vielfalt und Demokratie auf die Stra\u00dfe.<\/p>\n<p>\n        11:42 Uhr\n    <\/p>\n<p>    Das Wetter in Schleswig-Holstein<\/p>\n<p class=\"\">Am Nachmittag ist es wechselnd bew\u00f6lkt, gebietsweise sind Regenschauer und vereinzelt Gewitter m\u00f6glich. Teilweise ist es auch l\u00e4nger trocken, dazu kommt hin und wieder die Sonne raus. Die H\u00f6chstwerte liegen bei 10 Grad in Trittau (<a href=\"https:\/\/www.ndr.de\/nachrichten\/schleswig-holstein\/Stormarn-Aktuelle-Nachrichten-und-Videos,stormarn148.html\" title=\"Stormarn - Aktuelle Nachrichten und Videos\" target=\"_blank\" rel=\"noopener\">Kreis Stormarn<\/a>) und bis 12 Grad auf F\u00f6hr (<a href=\"https:\/\/www.ndr.de\/nachrichten\/schleswig-holstein\/Nordfriesland-Aktuelle-Nachrichten-und-Videos,nordfriesland174.html\" title=\"Nordfriesland - Aktuelle Nachrichten und Videos\" target=\"_blank\" rel=\"noopener\">Kreis Nordfriesland<\/a>). Zeitweise weht dazu ein m\u00e4\u00dfiger und b\u00f6iger, auf West bis Nordwest drehender Wind, an der See zunehmend frisch mit starken bis st\u00fcrmischen B\u00f6en. Zum Abend hin gibt es an der Nordsee Sturmb\u00f6en mit erh\u00f6hten Wasserst\u00e4nden an Nordsee und Elbe. | NDR Schleswig-Holstein 27.10.2025 12:00 Uhr<\/p>\n<p>        <img decoding=\"async\" src=\"https:\/\/www.europesays.com\/de\/wp-content\/uploads\/2025\/10\/wetter-5422.webp\" alt=\"NDR Schleswig-Holstein Moderator Sebastian Wache mit der Wettervorhersage.\" title=\"NDR Schleswig-Holstein Moderator Sebastian Wache mit der Wettervorhersage. | NDR\" class=\"responsive\" loading=\"lazy\"\/><\/p>\n<p>NDR Schleswig-Holstein Wetterexperte Sebastian Wache mit den Aussichten f\u00fcr den 27. Oktober und die kommenden Tage.<\/p>\n<p>        <img decoding=\"async\" src=\"https:\/\/www.europesays.com\/de\/wp-content\/uploads\/2025\/10\/podcastlogo104.webp\" alt=\"Ein Mikrofon vor zwei Menschen.\" title=\"Ein Mikrofon vor zwei Menschen. | NDR, Janis R\u00f6hlig\" class=\"responsive\" loading=\"lazy\"\/><\/p>\n<p>Alles, was f\u00fcr Schleswig-Holstein wichtig ist: Im Nachrichten-Podcast von NDR 1 Welle Nord h\u00f6ren Sie das Neueste aus Schleswig-Holstein, Deutschland und der Welt.<\/p>\n","protected":false},"excerpt":{"rendered":"Stand: 27.10.2025 11:48 Uhr Nachrichten aus Schleswig-Holstein vom 27. Oktober 2025 &#8211; kompakt und aktuell im Newsblog von&hellip;\n","protected":false},"author":2,"featured_media":516514,"comment_status":"","ping_status":"","sticky":false,"template":"","format":"standard","meta":{"footnotes":""},"categories":[1852],"tags":[590,3364,29,548,663,3934,30,13,4949,17462,14,15,12,1971,17461,1973],"class_list":{"0":"post-530338","1":"post","2":"type-post","3":"status-publish","4":"format-standard","5":"has-post-thumbnail","7":"category-kiel","8":"tag-aktuell","9":"tag-de","10":"tag-deutschland","11":"tag-eu","12":"tag-europa","13":"tag-europe","14":"tag-germany","15":"tag-headlines","16":"tag-kiel","17":"tag-kompakt","18":"tag-nachrichten","19":"tag-news","20":"tag-schlagzeilen","21":"tag-schleswig-holstein","22":"tag-ueberblick","23":"tag-wetter"},"share_on_mastodon":{"url":"https:\/\/pubeurope.com\/@de\/115445902514913383","error":""},"_links":{"self":[{"href":"https:\/\/www.europesays.com\/de\/wp-json\/wp\/v2\/posts\/530338","targetHints":{"allow":["GET"]}}],"collection":[{"href":"https:\/\/www.europesays.com\/de\/wp-json\/wp\/v2\/posts"}],"about":[{"href":"https:\/\/www.europesays.com\/de\/wp-json\/wp\/v2\/types\/post"}],"author":[{"embeddable":true,"href":"https:\/\/www.europesays.com\/de\/wp-json\/wp\/v2\/users\/2"}],"replies":[{"embeddable":true,"href":"https:\/\/www.europesays.com\/de\/wp-json\/wp\/v2\/comments?post=530338"}],"version-history":[{"count":0,"href":"https:\/\/www.europesays.com\/de\/wp-json\/wp\/v2\/posts\/530338\/revisions"}],"wp:featuredmedia":[{"embeddable":true,"href":"https:\/\/www.europesays.com\/de\/wp-json\/wp\/v2\/media\/516514"}],"wp:attachment":[{"href":"https:\/\/www.europesays.com\/de\/wp-json\/wp\/v2\/media?parent=530338"}],"wp:term":[{"taxonomy":"category","embeddable":true,"href":"https:\/\/www.europesays.com\/de\/wp-json\/wp\/v2\/categories?post=530338"},{"taxonomy":"post_tag","embeddable":true,"href":"https:\/\/www.europesays.com\/de\/wp-json\/wp\/v2\/tags?post=530338"}],"curies":[{"name":"wp","href":"https:\/\/api.w.org\/{rel}","templated":true}]}}