{"id":530339,"date":"2025-10-27T11:29:17","date_gmt":"2025-10-27T11:29:17","guid":{"rendered":"https:\/\/www.europesays.com\/de\/530339\/"},"modified":"2025-10-27T11:29:17","modified_gmt":"2025-10-27T11:29:17","slug":"vortrag-zu-wandteppichen-in-hohenstein-ernstthal","status":"publish","type":"post","link":"https:\/\/www.europesays.com\/de\/530339\/","title":{"rendered":"Vortrag zu Wandteppichen in Hohenstein-Ernstthal"},"content":{"rendered":"<p class=\"bold\">\n\t\t\t\t\t\t\t\t\t\tVon Prunk bis zu Volkst\u00fcmlichkeit: Karin Th\u00f6nnissen f\u00fchrt am Mittwoch im Textil- und Rennsportmuseum durch die Geschichte textiler Wandbeh\u00e4nge.\t\t\t\t<\/p>\n<p>\t\t\t\t Ein Vortrag \u00fcber Wandteppiche im Wandel der Zeiten ist am Mittwoch im Textil- und Rennsportmuseum zu erleben. Unter dem Motto \u201eR\u00f6hrender Hirsch, Sandmann und Co.\u201c spricht Karin Th\u00f6nnissen \u00fcber die Entwicklung textiler Wandbeh\u00e4nge. Diese waren einst kostbare Wanddekorationen in Burgen, Schl\u00f6ssern und Kirchen. Sp\u00e4ter eroberten sie die&#8230;<\/p>\n<p>\t\t<img decoding=\"async\" class=\"fp-plus-logo\" src=\"https:\/\/www.freiepresse.de\/img\/fpplus.svg\" alt=\"Freie Presse plus Logo\"\/><\/p>\n<p>Registrieren und testen.<\/p>\n<p>Jetzt mit Ihrer Registrierung 1 Monat gratis testen und alle Beitr\u00e4ge lesen.<\/p>\n<p>Schon Abonnent? Melden Sie sich mit ihren Zugangsdaten an.<\/p>\n","protected":false},"excerpt":{"rendered":"Von Prunk bis zu Volkst\u00fcmlichkeit: Karin Th\u00f6nnissen f\u00fchrt am Mittwoch im Textil- und Rennsportmuseum durch die Geschichte textiler&hellip;\n","protected":false},"author":2,"featured_media":530340,"comment_status":"","ping_status":"","sticky":false,"template":"","format":"standard","meta":{"footnotes":""},"categories":[1851],"tags":[2770,3364,29,548,663,3934,30,13,7504,14,15,859,12],"class_list":{"0":"post-530339","1":"post","2":"type-post","3":"status-publish","4":"format-standard","5":"has-post-thumbnail","7":"category-chemnitz","8":"tag-chemnitz","9":"tag-de","10":"tag-deutschland","11":"tag-eu","12":"tag-europa","13":"tag-europe","14":"tag-germany","15":"tag-headlines","16":"tag-museen-theater-buehne-ausstellungen","17":"tag-nachrichten","18":"tag-news","19":"tag-sachsen","20":"tag-schlagzeilen"},"share_on_mastodon":{"url":"https:\/\/pubeurope.com\/@de\/115445905898613048","error":""},"_links":{"self":[{"href":"https:\/\/www.europesays.com\/de\/wp-json\/wp\/v2\/posts\/530339","targetHints":{"allow":["GET"]}}],"collection":[{"href":"https:\/\/www.europesays.com\/de\/wp-json\/wp\/v2\/posts"}],"about":[{"href":"https:\/\/www.europesays.com\/de\/wp-json\/wp\/v2\/types\/post"}],"author":[{"embeddable":true,"href":"https:\/\/www.europesays.com\/de\/wp-json\/wp\/v2\/users\/2"}],"replies":[{"embeddable":true,"href":"https:\/\/www.europesays.com\/de\/wp-json\/wp\/v2\/comments?post=530339"}],"version-history":[{"count":0,"href":"https:\/\/www.europesays.com\/de\/wp-json\/wp\/v2\/posts\/530339\/revisions"}],"wp:featuredmedia":[{"embeddable":true,"href":"https:\/\/www.europesays.com\/de\/wp-json\/wp\/v2\/media\/530340"}],"wp:attachment":[{"href":"https:\/\/www.europesays.com\/de\/wp-json\/wp\/v2\/media?parent=530339"}],"wp:term":[{"taxonomy":"category","embeddable":true,"href":"https:\/\/www.europesays.com\/de\/wp-json\/wp\/v2\/categories?post=530339"},{"taxonomy":"post_tag","embeddable":true,"href":"https:\/\/www.europesays.com\/de\/wp-json\/wp\/v2\/tags?post=530339"}],"curies":[{"name":"wp","href":"https:\/\/api.w.org\/{rel}","templated":true}]}}