{"id":530341,"date":"2025-10-27T11:30:17","date_gmt":"2025-10-27T11:30:17","guid":{"rendered":"https:\/\/www.europesays.com\/de\/530341\/"},"modified":"2025-10-27T11:30:17","modified_gmt":"2025-10-27T11:30:17","slug":"pol-sz-pressemitteilung-des-polizeikommissariats-wolfenbuettel-vom-27-10-2025","status":"publish","type":"post","link":"https:\/\/www.europesays.com\/de\/530341\/","title":{"rendered":"POL-SZ: Pressemitteilung des Polizeikommissariats Wolfenb\u00fcttel vom 27.10.2025"},"content":{"rendered":"<p class=\"date\">27.10.2025 \u2013 12:27<\/p>\n<p class=\"customer\">\n                        <a class=\"story-customer\" title=\"weiter zum newsroom von Polizei Salzgitter\" href=\"https:\/\/www.presseportal.de\/blaulicht\/nr\/56519\" rel=\"nofollow noopener\" target=\"_blank\">Polizei Salzgitter<\/a>\n                    <\/p>\n<p><a data-category=\"citylink-story-view\" data-action=\"click\" data-label=\"Citylink in Meldungsansicht\" class=\"story-city event-trigger\" href=\"https:\/\/www.presseportal.de\/regional\/Wolfenb%FCttel\" title=\"News aus Wolfenb\u00fcttel \" rel=\"nofollow noopener\" target=\"_blank\">Wolfenb\u00fcttel<\/a> (ots)<\/p>\n<p>Raub eines Mobiltelefons<\/p>\n<p>Wolfenb\u00fcttel, Neuer Weg, 25.10.2025, 01:30 Uhr<\/p>\n<p>Eine 19-j\u00e4hrige Braunschweigerin stieg am Neuen Weg in Wolfenb\u00fcttel aus dem Bus aus. Kurz danach zog man ihr an den Haaren und schlug sie, sodass sie zu Boden fiel. Am Boden liegend ist die 19-J\u00e4hrige zudem getreten worden. Au\u00dferdem wurde ihr Handy im Rahmen der Tathandlung entwendet. Durch die Polizei konnten die drei beschriebenen Personen im Nahbereich angetroffen werden. Das entwendete Handy wurde ebenfalls aufgefunden. Alle Personen waren zum Tatzeitpunkt alkoholisiert. Die Polizei leitete ein Strafverfahren wegen Raubes ein. Zeugen der Tat werden gebeten sich bei der Polizei Wolfenb\u00fcttel unter der Telefonnummer 05331 9330 zu melden.<\/p>\n<p class=\"contact-headline\">R\u00fcckfragen bitte an:<\/p>\n<p class=\"contact-text\">Polizei Wolfenb\u00fcttel<br \/>Pressestelle\/\u00d6ffentlichkeitsarbeit<br \/>Alena Franke<br \/>Telefon: 05331\/933104<br \/>E-Mail: <a href=\"https:\/\/www.presseportal.de\/blaulicht\/pm\/56519\/mailto: pressestelle@pi-sz.polizei.niedersachsen.de\" class=\"uri-mailto\" rel=\"nofollow noopener\" target=\"_blank\"> pressestelle@pi-sz.polizei.niedersachsen.de<\/a><br \/><a target=\"_blank\" class=\"uri-ext outbound\" rel=\"noopener nofollow\" href=\"http:\/\/www.polizei.niedersachsen.de\">http:\/\/www.polizei.niedersachsen.de<\/a><\/p>\n<p class=\"originator\">Original-Content von: Polizei Salzgitter, \u00fcbermittelt durch news aktuell<\/p>\n","protected":false},"excerpt":{"rendered":"27.10.2025 \u2013 12:27 Polizei Salzgitter Wolfenb\u00fcttel (ots) Raub eines Mobiltelefons Wolfenb\u00fcttel, Neuer Weg, 25.10.2025, 01:30 Uhr Eine 19-j\u00e4hrige&hellip;\n","protected":false},"author":2,"featured_media":386213,"comment_status":"","ping_status":"","sticky":false,"template":"","format":"standard","meta":{"footnotes":""},"categories":[1850],"tags":[6429,3364,29,548,663,3934,30,13,177,14,15,5404,1411,121,178,180,179,181,12],"class_list":{"0":"post-530341","1":"post","2":"type-post","3":"status-publish","4":"format-standard","5":"has-post-thumbnail","7":"category-braunschweig","8":"tag-braunschweig","9":"tag-de","10":"tag-deutschland","11":"tag-eu","12":"tag-europa","13":"tag-europe","14":"tag-germany","15":"tag-headlines","16":"tag-kriminalitt","17":"tag-nachrichten","18":"tag-news","19":"tag-ni","20":"tag-niedersachsen","21":"tag-polizei","22":"tag-presse","23":"tag-pressemeldung","24":"tag-pressemitteilung","25":"tag-pressemitteilungen","26":"tag-schlagzeilen"},"share_on_mastodon":{"url":"https:\/\/pubeurope.com\/@de\/115445905959011713","error":""},"_links":{"self":[{"href":"https:\/\/www.europesays.com\/de\/wp-json\/wp\/v2\/posts\/530341","targetHints":{"allow":["GET"]}}],"collection":[{"href":"https:\/\/www.europesays.com\/de\/wp-json\/wp\/v2\/posts"}],"about":[{"href":"https:\/\/www.europesays.com\/de\/wp-json\/wp\/v2\/types\/post"}],"author":[{"embeddable":true,"href":"https:\/\/www.europesays.com\/de\/wp-json\/wp\/v2\/users\/2"}],"replies":[{"embeddable":true,"href":"https:\/\/www.europesays.com\/de\/wp-json\/wp\/v2\/comments?post=530341"}],"version-history":[{"count":0,"href":"https:\/\/www.europesays.com\/de\/wp-json\/wp\/v2\/posts\/530341\/revisions"}],"wp:featuredmedia":[{"embeddable":true,"href":"https:\/\/www.europesays.com\/de\/wp-json\/wp\/v2\/media\/386213"}],"wp:attachment":[{"href":"https:\/\/www.europesays.com\/de\/wp-json\/wp\/v2\/media?parent=530341"}],"wp:term":[{"taxonomy":"category","embeddable":true,"href":"https:\/\/www.europesays.com\/de\/wp-json\/wp\/v2\/categories?post=530341"},{"taxonomy":"post_tag","embeddable":true,"href":"https:\/\/www.europesays.com\/de\/wp-json\/wp\/v2\/tags?post=530341"}],"curies":[{"name":"wp","href":"https:\/\/api.w.org\/{rel}","templated":true}]}}