{"id":530349,"date":"2025-10-27T11:36:22","date_gmt":"2025-10-27T11:36:22","guid":{"rendered":"https:\/\/www.europesays.com\/de\/530349\/"},"modified":"2025-10-27T11:36:22","modified_gmt":"2025-10-27T11:36:22","slug":"mannheim-wie-taegliches-lernen-und-abwechslung-den-alltag-eines-feinwerkmechanikers-praegen-mrn-news-de","status":"publish","type":"post","link":"https:\/\/www.europesays.com\/de\/530349\/","title":{"rendered":"Mannheim \u2013 Wie t\u00e4gliches Lernen und Abwechslung den Alltag eines Feinwerkmechanikers pr\u00e4gen \u2013 \/\/\/ MRN-News.de"},"content":{"rendered":"<p><a href=\"https:\/\/www.europesays.com\/de\/wp-content\/uploads\/2025\/10\/pri25-10-27_Floris-Kalthoff.jpg\"><img loading=\"lazy\" decoding=\"async\" src=\"https:\/\/www.europesays.com\/de\/wp-content\/uploads\/2025\/10\/pri25-10-27_Floris-Kalthoff.jpg\" alt=\"\" width=\"1500\" height=\"900\" class=\"aligncenter size-full wp-image-608438\"  \/><\/a>Mannheim \/ Metropolregion Rhein-Neckar \u2013 Floris Kalthoff berichtet \u00fcber die Vielf\u00e4ltigkeit, die die Weiterbildung zum Handwerksmeister mit sich bringt.<\/p>\n<p>In seiner Position als Fertigungsplaner f\u00fcr die Mechanische Fertigung gleicht kein Tag dem anderen. Floris Kalthoff tr\u00e4gt die Verantwortung f\u00fcr seine Entscheidungen und arbeitet in einem Beruf, in dem er immer wieder etwas Neues lernt. Erm\u00f6glicht hat ihm dies die Weiterbildung zum Handwerksmeister. Dieses Jahr hat er erfolgreich den Meistertitel im Feinwerkmechaniker-Handwerk erlangt. Seine Meister-Geschichte zeigt eindrucksvoll, wie lohnenswert diese Investition ist und wie vielseitig der Titel genutzt werden kann, um beruflich neue Wege einzuschlagen.<\/p>\n<p>Die Handwerkskammer Mannheim Rhein-Neckar-Odenwald sammelt unter dem Hashtag #JAzumMeistertitel solche Geschichten. Jede einzelne zeigt, wie unterschiedlich die Wege von Jungmeisterinnen und Jungmeistern aussehen k\u00f6nnen.<\/p>\n<p>Schon in der Schulzeit hat Floris Kalthoff die ersten Impulse bekommen. Dies geschah durch zwei Praktika in der Industriemechanik, von welchen eines bei seinem aktuellen Arbeitgeber stattfand. W\u00e4hrend des Praktikums wurde auch sein Interesse an Metallberufen geweckt, wobei der Feinwerkmechaniker die Arbeit mit CAD-Programmen und CNC-Fertigung besonders spannend fand. Sp\u00e4ter hat der Handwerksmeister dann seine Ausbildung zum Industriemechaniker begonnen. Die Berufsorientierung wurde an seiner Schule gro\u00dfgeschrieben, berichtet Floris Kalthoff stolz. \u201eAuch meine Gro\u00dfeltern haben mich immer in Sachen Berufswahl unterst\u00fctzt. Ohne sie w\u00e4re ich heute sicher nicht da, wo ich jetzt bin.\u201c Auch in seiner Ausbildungszeit hat der Jungmeister Zuspruch bekommen, und zwar von seinem Ausbilder. Dieser sei ma\u00dfgeblich daran beteiligt gewesen, ihn auf seinen Weg zu leiten, sagt Floris Kalthoff. Er habe in ihm den Ehrgeiz geweckt, nach der Ausbildung weiterzumachen und die Weiterbildung zum Feinwerkmechaniker-Meister zu beginnen. Ebenso wurde er nach Ausbildungsabschluss von seinem neuen Vorgesetzten dabei unterst\u00fctzt, die Meisterschule und den Schichtbetrieb miteinander vereinbaren zu k\u00f6nnen.<\/p>\n<p>Wenn Floris Kalthoff an seine Zeit der Meistervorbereitung denkt, muss er sofort an die vielen Stunden denken, die er mit den anderen Teilnehmenden in der Bibliothek verbracht hat. Die Phase der Pr\u00fcfungsvorbereitung sei sehr lustig, aber auch anstrengend gewesen, gesteht er ein. Trotz der intensiven Zeit dieser berufsbegleitenden Bildung ist der Jungmeister sehr stolz, die Weiterbildung durchgezogen zu haben. Die neuen M\u00f6glichkeiten, die sich aus dieser intensiven Zeit ergeben haben, will er nicht mehr missen. \u201eDer Handwerksmeister er\u00f6ffnet einem eine Menge neuer beruflicher M\u00f6glichkeiten. Ob es nun ein Aufstieg im Unternehmen, die Selbstst\u00e4ndigkeit oder ein Studium ist, um ein paar Beispiele zu nennen. F\u00fcr mich hat es sich auf jeden Fall gelohnt, aber das muss nat\u00fcrlich jeder f\u00fcr sich entscheiden\u201c, erz\u00e4hlt er. In der Zukunft m\u00f6chte er seine F\u00e4higkeiten weiter ausbauen und daf\u00fcr noch einen Abschluss als Techniker f\u00fcr Maschinentechnik absolvieren. Auch daf\u00fcr bietet sein Meistertitel eine solide Grundlage.<\/p>\n<p>Wer von seinem Weg zum Meister berichten will, ist eingeladen, seine Geschichte zu erz\u00e4hlen. Das Formular findet sich auf: www.hwk-mannheim.de\/meistergeschichten<\/p>\n<p>Bildtext: F\u00fcr den Feinwerkmechaniker Floris Kalthoff hat es sich gelohnt, den Weg zum Meister zu gehen.<\/p>\n<p>Quelle: Handwerkskammer Mannheim Rhein-Neckar-Odenwald <\/p>\n","protected":false},"excerpt":{"rendered":"Mannheim \/ Metropolregion Rhein-Neckar \u2013 Floris Kalthoff berichtet \u00fcber die Vielf\u00e4ltigkeit, die die Weiterbildung zum Handwerksmeister mit sich&hellip;\n","protected":false},"author":2,"featured_media":530350,"comment_status":"","ping_status":"","sticky":false,"template":"","format":"standard","meta":{"footnotes":""},"categories":[1845],"tags":[1634,3364,29,548,663,3934,30,13,2096,14,15,12],"class_list":{"0":"post-530349","1":"post","2":"type-post","3":"status-publish","4":"format-standard","5":"has-post-thumbnail","7":"category-mannheim","8":"tag-baden-wuerttemberg","9":"tag-de","10":"tag-deutschland","11":"tag-eu","12":"tag-europa","13":"tag-europe","14":"tag-germany","15":"tag-headlines","16":"tag-mannheim","17":"tag-nachrichten","18":"tag-news","19":"tag-schlagzeilen"},"share_on_mastodon":{"url":"https:\/\/pubeurope.com\/@de\/115445929817033769","error":""},"_links":{"self":[{"href":"https:\/\/www.europesays.com\/de\/wp-json\/wp\/v2\/posts\/530349","targetHints":{"allow":["GET"]}}],"collection":[{"href":"https:\/\/www.europesays.com\/de\/wp-json\/wp\/v2\/posts"}],"about":[{"href":"https:\/\/www.europesays.com\/de\/wp-json\/wp\/v2\/types\/post"}],"author":[{"embeddable":true,"href":"https:\/\/www.europesays.com\/de\/wp-json\/wp\/v2\/users\/2"}],"replies":[{"embeddable":true,"href":"https:\/\/www.europesays.com\/de\/wp-json\/wp\/v2\/comments?post=530349"}],"version-history":[{"count":0,"href":"https:\/\/www.europesays.com\/de\/wp-json\/wp\/v2\/posts\/530349\/revisions"}],"wp:featuredmedia":[{"embeddable":true,"href":"https:\/\/www.europesays.com\/de\/wp-json\/wp\/v2\/media\/530350"}],"wp:attachment":[{"href":"https:\/\/www.europesays.com\/de\/wp-json\/wp\/v2\/media?parent=530349"}],"wp:term":[{"taxonomy":"category","embeddable":true,"href":"https:\/\/www.europesays.com\/de\/wp-json\/wp\/v2\/categories?post=530349"},{"taxonomy":"post_tag","embeddable":true,"href":"https:\/\/www.europesays.com\/de\/wp-json\/wp\/v2\/tags?post=530349"}],"curies":[{"name":"wp","href":"https:\/\/api.w.org\/{rel}","templated":true}]}}