{"id":530355,"date":"2025-10-27T11:39:12","date_gmt":"2025-10-27T11:39:12","guid":{"rendered":"https:\/\/www.europesays.com\/de\/530355\/"},"modified":"2025-10-27T11:39:12","modified_gmt":"2025-10-27T11:39:12","slug":"telgter-wallfahrtsjahr-feierlich-beendet-bistum-muenster","status":"publish","type":"post","link":"https:\/\/www.europesays.com\/de\/530355\/","title":{"rendered":"Telgter Wallfahrtsjahr feierlich beendet &#8211; Bistum M\u00fcnster"},"content":{"rendered":"<p>27.10.2025, 12:06 Uhr, Kreisdekanat Warendorf&#13;\n<\/p>\n<p>Mit einem festlichen Gottesdienst im St.-Rochus-Hospital ist in Telgte das Wallfahrtsjahr 2025 unter dem Motto \u201ePilger der Hoffnung\u201c feierlich zu Ende gegangen. In seiner Predigt ermutigte Domkapitular Professor Dr. Martin L\u00f6rsch aus Trier die Gl\u00e4ubigen, besonders in dunklen und schweren Zeiten auf Maria zu schauen. Sie sei nicht nur selbst Pilgerin der Hoffnung gewesen, sondern begleite auch heute die Menschen auf ihren Lebens- und Glaubenswegen.<\/p>\n<p><img loading=\"lazy\" decoding=\"async\" title=\"Das Gnadenbild der Schmerzhaften Muttergottes in der Kapelle des St.-Rochus-Hospitals. \" alt=\"Das Gnadenbild der Schmerzhaften Muttergottes in der Kapelle des St.-Rochus-Hospitals. \" src=\"https:\/\/www.europesays.com\/de\/wp-content\/uploads\/2025\/10\/csm_2025-10-27-telgte-gnadenbild_26e4aa0363.jpg\" width=\"300\" height=\"200\"\/><\/p>\n<p>Das Gnadenbild der Schmerzhaften Muttergottes in der Kapelle des St.-Rochus-Hospitals. <\/p>\n<p>\u00a9 Richard Schu-Sch\u00e4tter<\/p>\n<p>Der Pastoraltheologe, der sich in seiner wissenschaftlichen Arbeit intensiv mit der Motivation von Pilgerinnen und Pilgern besch\u00e4ftigt, berichtete von eigenen Pilgererfahrungen. Vor kurzem habe er eine Wegstrecke von 178 Kilometern zur\u00fcckgelegt \u2013 genau so weit sei Maria nach biblischer \u00dcberlieferung auf ihrem Weg zu Elisabeth unterwegs gewesen. Eine solche Strecke sei nicht ohne Schwierigkeiten zu bew\u00e4ltigen, sagte L\u00f6rsch, doch Maria habe an der Hoffnung festgehalten. Diese Haltung habe ihn auf seinem eigenen Weg tief beeindruckt.<\/p>\n<p>Wie Maria k\u00f6nnten auch die Gl\u00e4ubigen zu \u201eChristustr\u00e4gerinnen und Christustr\u00e4gern\u201c werden, die die frohe Botschaft zu den Menschen der Gegenwart bringen, betonte der Prediger.<br \/>\u00a0<\/p>\n<p><img loading=\"lazy\" decoding=\"async\" src=\"https:\/\/www.europesays.com\/de\/wp-content\/uploads\/2025\/10\/csm_2025-10-27-telgte-kauling-l\u00f6rsch_82a2719bc1.jpg\" width=\"300\" height=\"534\" alt=\"\"\/>\u00a9 Richard Schu-Sch\u00e4tter<\/p>\n<p>Domkapitular Gregor Kauling aus Telgte begr\u00fc\u00dfte die Gemeinde stellvertretend f\u00fcr Propst Dr. Michael Langenfeld, der sich derzeit auf einer Pilgerreise in Indien befindet. Kauling dankte allen, die sich in diesem Wallfahrtsjahr, das durch die Renovierung und Schlie\u00dfung der Propsteikirche besondere Herausforderungen mit sich brachte, engagiert f\u00fcr die Wallfahrt sowie die Pilgerinnen und Pilger eingesetzt haben.<\/p>\n<p>Zum Abschluss fand in der Kapelle des Rochus-Hospitals eine kleine Lichterprozession statt, bei der die Teilnehmenden ihre pers\u00f6nlichen Anliegen zu Maria bringen konnten. Bereits jetzt richtet sich der Blick nach vorn: Am 23. November findet die Altarweihe und Wiederer\u00f6ffnung der Propsteikirche St. Clemens statt. Am 25. April 2026 wird das neue Wallfahrtsjahr unter dem Leitwort \u201eRaum geben\u201c mit einem Festgottesdienst in der dann neu gestalteten Propsteikirche er\u00f6ffnet.<\/p>\n<p>Text: Wallfahrtsseelsorger Richard Schu-Sch\u00e4tter<\/p>\n","protected":false},"excerpt":{"rendered":"27.10.2025, 12:06 Uhr, Kreisdekanat Warendorf&#13; Mit einem festlichen Gottesdienst im St.-Rochus-Hospital ist in Telgte das Wallfahrtsjahr 2025 unter&hellip;\n","protected":false},"author":2,"featured_media":530356,"comment_status":"","ping_status":"","sticky":false,"template":"","format":"standard","meta":{"footnotes":""},"categories":[1843],"tags":[3364,29,30,8970,18186,1209],"class_list":{"0":"post-530355","1":"post","2":"type-post","3":"status-publish","4":"format-standard","5":"has-post-thumbnail","7":"category-muenster","8":"tag-de","9":"tag-deutschland","10":"tag-germany","11":"tag-muenster","12":"tag-news-detail","13":"tag-nordrhein-westfalen"},"share_on_mastodon":{"url":"https:\/\/pubeurope.com\/@de\/115445941820927857","error":""},"_links":{"self":[{"href":"https:\/\/www.europesays.com\/de\/wp-json\/wp\/v2\/posts\/530355","targetHints":{"allow":["GET"]}}],"collection":[{"href":"https:\/\/www.europesays.com\/de\/wp-json\/wp\/v2\/posts"}],"about":[{"href":"https:\/\/www.europesays.com\/de\/wp-json\/wp\/v2\/types\/post"}],"author":[{"embeddable":true,"href":"https:\/\/www.europesays.com\/de\/wp-json\/wp\/v2\/users\/2"}],"replies":[{"embeddable":true,"href":"https:\/\/www.europesays.com\/de\/wp-json\/wp\/v2\/comments?post=530355"}],"version-history":[{"count":0,"href":"https:\/\/www.europesays.com\/de\/wp-json\/wp\/v2\/posts\/530355\/revisions"}],"wp:featuredmedia":[{"embeddable":true,"href":"https:\/\/www.europesays.com\/de\/wp-json\/wp\/v2\/media\/530356"}],"wp:attachment":[{"href":"https:\/\/www.europesays.com\/de\/wp-json\/wp\/v2\/media?parent=530355"}],"wp:term":[{"taxonomy":"category","embeddable":true,"href":"https:\/\/www.europesays.com\/de\/wp-json\/wp\/v2\/categories?post=530355"},{"taxonomy":"post_tag","embeddable":true,"href":"https:\/\/www.europesays.com\/de\/wp-json\/wp\/v2\/tags?post=530355"}],"curies":[{"name":"wp","href":"https:\/\/api.w.org\/{rel}","templated":true}]}}