{"id":530357,"date":"2025-10-27T11:40:12","date_gmt":"2025-10-27T11:40:12","guid":{"rendered":"https:\/\/www.europesays.com\/de\/530357\/"},"modified":"2025-10-27T11:40:12","modified_gmt":"2025-10-27T11:40:12","slug":"dlrg-uebung-muensterland-radio-rst","status":"publish","type":"post","link":"https:\/\/www.europesays.com\/de\/530357\/","title":{"rendered":"DLRG-\u00dcbung M\u00fcnsterland &#8211; Radio RST"},"content":{"rendered":"<p>Am Wochenende fand im M\u00fcnsterland eine gro\u00df angelegte \u00dcbung der DLRG-Bezirke Steinfurt und M\u00fcnster statt. Ziel war es, die Einsatzkr\u00e4fte auf den Ernstfall vorzubereiten und die Zusammenarbeit zu st\u00e4rken.<\/p>\n<p>Szenario: Evakuierung bei Hochwasser<\/p>\n<p>Am Freitagabend wurden die DLRG-Einsatzkr\u00e4fte des Bezirks Steinfurt \u00fcber die Alarmierungs-App Divera voralarmiert. Der eigentliche Einsatz begann am Samstagmorgen um 8:57\u00a0Uhr. Die Einheiten der Ortsgruppen aus Lienen, Ibbenb\u00fcren, Greven, Rheine, Recke, Burgsteinfurt, Emsdetten, Neuenkirchen\/Wettringen und Altenberge trafen ab 11:30\u00a0Uhr im Sammelraum am Freibad in Greven ein. Nach einem Gruppenfoto ging es gemeinsam mit den Einsatzkr\u00e4ften des Bezirks M\u00fcnster zur Einsatzstelle an der alten Schleuse am Kanal in M\u00fcnster.<\/p>\n<p>Das \u00dcbungsszenario: Ein Altenheim in einem Hochwassergebiet musste evakuiert werden. Der Zugang war nur \u00fcber den Wasserweg m\u00f6glich. Vor Ort wurden zudem verletzte Personen versorgt. Die geretteten Patienten wurden mit Booten an die andere Uferseite gebracht und vom ASB M\u00fcnster betreut. Eine Betreuungsstelle wurde beim Yachtclub Monasteria eingerichtet.<\/p>\n<p>Nacht\u00fcbung und Fl\u00e4chensuche<\/p>\n<p>Nach einer St\u00e4rkung beim ASB M\u00fcnster begann gegen 19:00\u00a0Uhr das zweite \u00dcbungsszenario. Der Wasserrettungszug wurde in zwei Gruppen aufgeteilt: Eine Gruppe f\u00fchrte eine Fl\u00e4chensuche im Wald und am Dortmund-Ems-Kanal durch, w\u00e4hrend die andere eine n\u00e4chtliche Tauchsuch\u00fcbung im Verladehafen Hiltrup absolvierte. Gegen 1:45\u00a0Uhr endete die \u00dcbung mit einer Nachbesprechung, bevor die Einheiten den Heimweg antraten.<\/p>\n<p>Die \u00dcbung war ein voller Erfolg und zeigte die hohe Einsatzbereitschaft der DLRG-Kr\u00e4fte. Insgesamt waren 51 Einsatzkr\u00e4fte und 6 \u00dcbungsleiter aus dem Bezirk Steinfurt beteiligt. Ein besonderer Dank gilt den realistischen Unfalldarstellern (RUND), dem ASB M\u00fcnster und allen weiteren Unterst\u00fctzern.<\/p>\n","protected":false},"excerpt":{"rendered":"Am Wochenende fand im M\u00fcnsterland eine gro\u00df angelegte \u00dcbung der DLRG-Bezirke Steinfurt und M\u00fcnster statt. Ziel war es,&hellip;\n","protected":false},"author":2,"featured_media":530358,"comment_status":"","ping_status":"","sticky":false,"template":"","format":"standard","meta":{"footnotes":""},"categories":[1843],"tags":[5677,130395,36617,3364,29,30,30010,8970,1209,25510],"class_list":{"0":"post-530357","1":"post","2":"type-post","3":"status-publish","4":"format-standard","5":"has-post-thumbnail","7":"category-muenster","8":"tag-munster","9":"tag-dlrg-kreis-steinfurt","10":"tag-dlrg","11":"tag-de","12":"tag-deutschland","13":"tag-germany","14":"tag-greven","15":"tag-muenster","16":"tag-nordrhein-westfalen","17":"tag-wasserrettung"},"share_on_mastodon":{"url":"https:\/\/pubeurope.com\/@de\/115445945124329434","error":""},"_links":{"self":[{"href":"https:\/\/www.europesays.com\/de\/wp-json\/wp\/v2\/posts\/530357","targetHints":{"allow":["GET"]}}],"collection":[{"href":"https:\/\/www.europesays.com\/de\/wp-json\/wp\/v2\/posts"}],"about":[{"href":"https:\/\/www.europesays.com\/de\/wp-json\/wp\/v2\/types\/post"}],"author":[{"embeddable":true,"href":"https:\/\/www.europesays.com\/de\/wp-json\/wp\/v2\/users\/2"}],"replies":[{"embeddable":true,"href":"https:\/\/www.europesays.com\/de\/wp-json\/wp\/v2\/comments?post=530357"}],"version-history":[{"count":0,"href":"https:\/\/www.europesays.com\/de\/wp-json\/wp\/v2\/posts\/530357\/revisions"}],"wp:featuredmedia":[{"embeddable":true,"href":"https:\/\/www.europesays.com\/de\/wp-json\/wp\/v2\/media\/530358"}],"wp:attachment":[{"href":"https:\/\/www.europesays.com\/de\/wp-json\/wp\/v2\/media?parent=530357"}],"wp:term":[{"taxonomy":"category","embeddable":true,"href":"https:\/\/www.europesays.com\/de\/wp-json\/wp\/v2\/categories?post=530357"},{"taxonomy":"post_tag","embeddable":true,"href":"https:\/\/www.europesays.com\/de\/wp-json\/wp\/v2\/tags?post=530357"}],"curies":[{"name":"wp","href":"https:\/\/api.w.org\/{rel}","templated":true}]}}