{"id":530359,"date":"2025-10-27T11:41:49","date_gmt":"2025-10-27T11:41:49","guid":{"rendered":"https:\/\/www.europesays.com\/de\/530359\/"},"modified":"2025-10-27T11:41:49","modified_gmt":"2025-10-27T11:41:49","slug":"einbruch-in-spenge-diebe-stehlen-goldmuenzen-und-bargeld-regional","status":"publish","type":"post","link":"https:\/\/www.europesays.com\/de\/530359\/","title":{"rendered":"Einbruch in Spenge: Diebe stehlen Goldm\u00fcnzen und Bargeld | Regional"},"content":{"rendered":"<p>Spenge \u2013 <b>Einbrecher drangen in eine Wohnung in der B\u00fcnder Stra\u00dfe ein und erbeuteten Goldm\u00fcnzen, teuren Schmuck und Bargeld in f\u00fcnfstelliger H\u00f6he.<\/b><\/p>\n<p>Die T\u00e4ter verschafften sich mit einem Werkzeug Zugang, indem sie ein Schlafzimmerfenster gewaltsam \u00f6ffneten. Anschlie\u00dfend durchsuchten sie die R\u00e4ume nach Wertsachen. Der Einbruch ereignete sich zwischen Samstagmorgen und dem 26.10.2025, 18.45 Uhr. Nach dem Diebstahl fl\u00fcchteten die T\u00e4ter.<\/p>\n<p>Die Polizei bittet Zeugen, die Hinweise zu den T\u00e4tern oder dem Vorfall geben k\u00f6nnen, sich unter der Telefonnummer 05221\/8880 zu melden.<\/p>\n<p>Dieser Text basiert auf einer offiziellen Beh\u00f6rden-Information und wurde mit Hilfe von KI erstellt.<\/p>\n","protected":false},"excerpt":{"rendered":"Spenge \u2013 Einbrecher drangen in eine Wohnung in der B\u00fcnder Stra\u00dfe ein und erbeuteten Goldm\u00fcnzen, teuren Schmuck und&hellip;\n","protected":false},"author":2,"featured_media":464098,"comment_status":"","ping_status":"","sticky":false,"template":"","format":"standard","meta":{"footnotes":""},"categories":[1841],"tags":[1605,3364,29,1686,30,2509,1209,121,45,1995],"class_list":{"0":"post-530359","1":"post","2":"type-post","3":"status-publish","4":"format-standard","5":"has-post-thumbnail","7":"category-bielefeld","8":"tag-bielefeld","9":"tag-de","10":"tag-deutschland","11":"tag-diebstahl","12":"tag-germany","13":"tag-ki-ots","14":"tag-nordrhein-westfalen","15":"tag-polizei","16":"tag-texttospeech","17":"tag-verbrechen"},"share_on_mastodon":{"url":"https:\/\/pubeurope.com\/@de\/115445952985329405","error":""},"_links":{"self":[{"href":"https:\/\/www.europesays.com\/de\/wp-json\/wp\/v2\/posts\/530359","targetHints":{"allow":["GET"]}}],"collection":[{"href":"https:\/\/www.europesays.com\/de\/wp-json\/wp\/v2\/posts"}],"about":[{"href":"https:\/\/www.europesays.com\/de\/wp-json\/wp\/v2\/types\/post"}],"author":[{"embeddable":true,"href":"https:\/\/www.europesays.com\/de\/wp-json\/wp\/v2\/users\/2"}],"replies":[{"embeddable":true,"href":"https:\/\/www.europesays.com\/de\/wp-json\/wp\/v2\/comments?post=530359"}],"version-history":[{"count":0,"href":"https:\/\/www.europesays.com\/de\/wp-json\/wp\/v2\/posts\/530359\/revisions"}],"wp:featuredmedia":[{"embeddable":true,"href":"https:\/\/www.europesays.com\/de\/wp-json\/wp\/v2\/media\/464098"}],"wp:attachment":[{"href":"https:\/\/www.europesays.com\/de\/wp-json\/wp\/v2\/media?parent=530359"}],"wp:term":[{"taxonomy":"category","embeddable":true,"href":"https:\/\/www.europesays.com\/de\/wp-json\/wp\/v2\/categories?post=530359"},{"taxonomy":"post_tag","embeddable":true,"href":"https:\/\/www.europesays.com\/de\/wp-json\/wp\/v2\/tags?post=530359"}],"curies":[{"name":"wp","href":"https:\/\/api.w.org\/{rel}","templated":true}]}}