{"id":530363,"date":"2025-10-27T11:44:15","date_gmt":"2025-10-27T11:44:15","guid":{"rendered":"https:\/\/www.europesays.com\/de\/530363\/"},"modified":"2025-10-27T11:44:15","modified_gmt":"2025-10-27T11:44:15","slug":"remscheid-in-nrw-waffenfunde-und-festnahmen-bei-einsatz-gegen-organisierte-kriminalitaet","status":"publish","type":"post","link":"https:\/\/www.europesays.com\/de\/530363\/","title":{"rendered":"Remscheid in NRW: Waffenfunde und Festnahmen bei Einsatz gegen Organisierte Kriminalit\u00e4t"},"content":{"rendered":"<p>\n                        Ermittlern in NRW ist mit Festnahmen und Waffenfunden ein Schlag gegen Organisierte Kriminalit\u00e4t gelungen. An dem Einsatz in Remscheid waren auch Spezialkr\u00e4fte beteiligt.\n                    <\/p>\n<p>        Ihr Browser unterst\u00fctzt die Wiedergabe von Audio Dateien nicht. Download der Datei als mp3: https:\/\/zon-speechbert-production.s3.eu-central-1.amazonaws.com\/articles\/0edd5f12-6e15-4766-80c9-2669f836c5f2\/full_94c13b8221da844ec78b6d7f5193678bf3e9beea440c75be228d512248cbacea43dbeb1d7cc0569bb0bccdf357376c8b.mp3    <\/p>\n<p>                    2 Min.<\/p>\n<p>            -1:39<\/p>\n<p>            0.5x<br \/>\n            0.75x<br \/>\n            1.0x<br \/>\n            1.25x<br \/>\n            1.5x<br \/>\n            2.0x<\/p>\n<p>        Zusammenfassen<\/p>\n<p>                Schlie\u00dfen<br \/>\n                Artikelzusammenfassung<\/p>\n<p>Bei einer Razzia in Remscheid bei Wuppertal wurden zahlreiche Waffen sichergestellt und mehrere Personen festgenommen. Der Einsatz richtete sich gegen die Organisierte Kriminalit\u00e4t und involvierte auch Spezialkr\u00e4fte. Es wird \u00fcberpr\u00fcft, ob es sich bei den gefundenen Waffen um scharfe Schusswaffen handelt, Medien berichten von Kriegswaffen wie Panzerminen und Sprengstoff. Experten des Kampfmittelr\u00e4umdienstes wurden hinzugezogen, um eine potenzielle Gefahr zu beseitigen, und ein Mehrfamilienhaus musste evakuiert werden. Die Ermittlungen erstrecken sich \u00fcber mehrere L\u00e4nder, wobei auch Europol-Vertreter an der Razzia in Remscheid beteiligt waren.<\/p>\n<p>                Diese Zusammenfassung wurde mithilfe von K\u00fcnstlicher Intelligenz erstellt. Vereinzelt kann es dabei zu Fehlern kommen.<\/p>\n<p class=\"summy__feedback-paragraph\">Fanden Sie die Zusammenfassung hilfreich? <\/p>\n<p>                        Gef\u00e4llt mir<\/p>\n<p>                        Gef\u00e4llt mir<\/p>\n<p>                        Gef\u00e4llt mir nicht<\/p>\n<p>                        Gef\u00e4llt mir nicht<\/p>\n<p>                        Send<\/p>\n<p>        Diese Audioversion wurde k\u00fcnstlich erzeugt.<\/p>\n<p>                        Schlie\u00dfen<br \/>\n                        Die Audioversion dieses Artikels wurde k\u00fcnstlich erzeugt.<br \/>\n                        Wir entwickeln dieses Angebot stetig weiter und freuen uns \u00fcber <a href=\"https:\/\/www.zeit.de\/gesellschaft\/zeitgeschehen\/2025-10\/mailto:audiofeedback@zeit.de?subject=Feedback%20TTS\" target=\"_blank\" rel=\"noopener\">Ihr Feedback<\/a>.<\/p>\n<p>            <img decoding=\"async\" class=\"article__media-item\" src=\"https:\/\/www.europesays.com\/de\/wp-content\/uploads\/2025\/10\/1761565455_325_wide__1000x562.jpeg\" alt=\"Remscheid in NRW: In Remscheid gegen Ermittler gegen Organisierte Kriminalit\u00e4t vor.\"\/><\/p>\n<p>                    In Remscheid gegen Ermittler gegen Organisierte Kriminalit\u00e4t vor.<br \/>\n            \u00a9\u00a0Sascha Thelen\/\u200bdpa<\/p>\n<p class=\"paragraph article__item\">Bei einer Razzia in Remscheid bei <a class=\"rtr-entity\" href=\"https:\/\/www.zeit.de\/thema\/wuppertal\" target=\"_blank\" rel=\"noopener\">Wuppertal<\/a> sind nach Angaben der Staatsanwaltschaft zahlreiche Waffen sichergestellt sowie mehrere Menschen festgenommen worden. Wie ein Sprecher der Staatsanwaltschaft Wuppertal mitteilte, begannen Ermittler am Sonntag, mit dem Einsatz Gerichtsbeschl\u00fcsse umzusetzen. Das Vorgehen richte sich gegen die <a href=\"https:\/\/www.zeit.de\/thema\/organisierte-kriminalitaet\" class=\"\" target=\"_blank\" rel=\"noopener\">Organisierte Kriminalit\u00e4t<\/a>.\n<\/p>\n<p class=\"paragraph article__item\">An dem Polizeieinsatz waren nach Angaben der Staatsanwaltschaft auch <a href=\"https:\/\/www.zeit.de\/zeit-verbrechen\/2024\/27\/spezialeinheit-polizei-training-terrorbekaempfung-geiselnahme\" class=\"\" target=\"_blank\" rel=\"noopener\">Spezialkr\u00e4fte<\/a> beteiligt. Ob es sich bei den gefundenen Waffen um scharfe Schusswaffen handele, werde \u00fcberpr\u00fcft.\n<\/p>\n<p>                        Medien berichten von gefundenen Kriegswaffen        <\/p>\n<p class=\"paragraph article__item\">Mehrere Medien hatten zuvor berichtet, die Beamten seien bei der Durchsuchung mehrerer Geb\u00e4ude auch auf Kriegswaffen gesto\u00dfen. So berichtete etwa der Westdeutsche Rundfunk (WDR) unter Berufung auf Zeugenaussagen von gefundenen Panzerminen sowie Sprengstoff. Da nicht ausgeschlossen werden k\u00f6nne, dass von den aufgefundenen Gegenst\u00e4nden eine Gefahr ausgehe, seien Experten des Kampfmittelr\u00e4umdienstes hinzugezogen und ein Mehrfamilienhaus vollst\u00e4ndig ger\u00e4umt worden.\n<\/p>\n<p class=\"paragraph article__item\">Weiter berichtete der WDR von mit dem Einsatz in Remscheid in Verbindung stehenden Ermittlungen an mehreren Orten in Deutschland und zwei weiteren europ\u00e4ischen L\u00e4ndern. Aufgrund der l\u00e4nder\u00fcbergreifenden Ermittlungen seien auch Vertreter von Europol bei der Razzia in Remscheid vor Ort gewesen.\u00a0Details wollen die Ermittler am Nachmittag in einer Pressekonferenz mitteilen.<\/p>\n<p>Mehr zum Thema<\/p>\n<p>                <a href=\"https:\/\/www.zeit.de\/2025\/27\/drogen-hamburger-hafen-mafia-polizei\" data-ct-label=\"Drogen im Hamburger Hafen: &quot;Meine Angst? Dass unsere Mitarbeiter in die Schei\u00dfe gezogen werden&quot;\" target=\"_blank\" rel=\"noopener\"><\/p>\n<p>        Z+ (abopflichtiger Inhalt);<\/p>\n<p>    Drogen im Hamburger Hafen:<br \/>\n                        &#8222;Meine Angst? Dass unsere Mitarbeiter in die Schei\u00dfe gezogen werden&#8220;<\/p>\n<p>                <\/a><\/p>\n<p>                <a href=\"https:\/\/www.zeit.de\/zeit-magazin\/2025\/37\/drogen-hotspots-goerli-alter-botanischer-garten-kriminalitaet\" data-ct-label=\"Drogen-Hotspots: &quot;Hey, aber echt danke f\u00fcr die Kontrolle&quot;\" target=\"_blank\" rel=\"noopener\"><\/p>\n<p>        Z+ (abopflichtiger Inhalt);<\/p>\n<p>    Drogen-Hotspots:<br \/>\n                        &#8222;Hey, aber echt danke f\u00fcr die Kontrolle&#8220;<\/p>\n<p>                <\/a><\/p>\n<p>                <a href=\"https:\/\/www.zeit.de\/gesellschaft\/2025-05\/grenzkontrollen-zurueckweisungen-fluechtlinge-migration-alexander-dobrindt\" data-ct-label=\"Grenzkontrollen: Wozu der ganze Aufwand?\" target=\"_blank\" rel=\"noopener\"><\/p>\n<p>                        Grenzkontrollen:<br \/>\n                        Wozu der ganze Aufwand?<\/p>\n<p>                <\/a><\/p>\n","protected":false},"excerpt":{"rendered":"Ermittlern in NRW ist mit Festnahmen und Waffenfunden ein Schlag gegen Organisierte Kriminalit\u00e4t gelungen. An dem Einsatz in&hellip;\n","protected":false},"author":2,"featured_media":530364,"comment_status":"","ping_status":"","sticky":false,"template":"","format":"standard","meta":{"footnotes":""},"categories":[1840],"tags":[3364,29,30,1724,1209,176,3084,21537,130398,11878,1997,7483,4418],"class_list":{"0":"post-530363","1":"post","2":"type-post","3":"status-publish","4":"format-standard","5":"has-post-thumbnail","7":"category-wuppertal","8":"tag-de","9":"tag-deutschland","10":"tag-germany","11":"tag-gesellschaft","12":"tag-nordrhein-westfalen","13":"tag-nrw","14":"tag-organisierte-kriminalitaet","15":"tag-remscheid","16":"tag-remscheid-in-nrw","17":"tag-spezialkraft","18":"tag-staatsanwaltschaft","19":"tag-waffenfund","20":"tag-wuppertal"},"share_on_mastodon":{"url":"https:\/\/pubeurope.com\/@de\/115445961539261087","error":""},"_links":{"self":[{"href":"https:\/\/www.europesays.com\/de\/wp-json\/wp\/v2\/posts\/530363","targetHints":{"allow":["GET"]}}],"collection":[{"href":"https:\/\/www.europesays.com\/de\/wp-json\/wp\/v2\/posts"}],"about":[{"href":"https:\/\/www.europesays.com\/de\/wp-json\/wp\/v2\/types\/post"}],"author":[{"embeddable":true,"href":"https:\/\/www.europesays.com\/de\/wp-json\/wp\/v2\/users\/2"}],"replies":[{"embeddable":true,"href":"https:\/\/www.europesays.com\/de\/wp-json\/wp\/v2\/comments?post=530363"}],"version-history":[{"count":0,"href":"https:\/\/www.europesays.com\/de\/wp-json\/wp\/v2\/posts\/530363\/revisions"}],"wp:featuredmedia":[{"embeddable":true,"href":"https:\/\/www.europesays.com\/de\/wp-json\/wp\/v2\/media\/530364"}],"wp:attachment":[{"href":"https:\/\/www.europesays.com\/de\/wp-json\/wp\/v2\/media?parent=530363"}],"wp:term":[{"taxonomy":"category","embeddable":true,"href":"https:\/\/www.europesays.com\/de\/wp-json\/wp\/v2\/categories?post=530363"},{"taxonomy":"post_tag","embeddable":true,"href":"https:\/\/www.europesays.com\/de\/wp-json\/wp\/v2\/tags?post=530363"}],"curies":[{"name":"wp","href":"https:\/\/api.w.org\/{rel}","templated":true}]}}