{"id":530372,"date":"2025-10-27T11:49:16","date_gmt":"2025-10-27T11:49:16","guid":{"rendered":"https:\/\/www.europesays.com\/de\/530372\/"},"modified":"2025-10-27T11:49:16","modified_gmt":"2025-10-27T11:49:16","slug":"kanadas-premierminister-carney-trifft-xi-jinping-auf-dem-apec-gipfel-offen-fuer-gespraeche-mit-trump","status":"publish","type":"post","link":"https:\/\/www.europesays.com\/de\/530372\/","title":{"rendered":"Kanadas Premierminister Carney trifft Xi Jinping auf dem APEC-Gipfel &#8211; Offen f\u00fcr Gespr\u00e4che mit Trump"},"content":{"rendered":"<p>Der kanadische Premierminister Mark Carney wird sich noch in dieser Woche mit dem chinesischen Pr\u00e4sidenten Xi Jinping treffen und ist zudem bereit, Handelsgespr\u00e4che mit Donald Trump zu f\u00fchren, sobald der US-Pr\u00e4sident dazu bereit ist. Das teilte Carney am Montag mit.<\/p>\n<p>Auf seiner ersten offiziellen Asienreise bem\u00fcht sich Carney darum, die Handels- und Sicherheitsbeziehungen zu vertiefen. Dies geschieht zu einer Zeit, in der Kanada versucht, seine \u00fcberw\u00e4ltigende Abh\u00e4ngigkeit von den Vereinigten Staaten zu verringern und seine Au\u00dfenpolitik neu auszurichten, um neue M\u00e4rkte zu erschlie\u00dfen.<\/p>\n<p>Obwohl er weiteren Gespr\u00e4chen mit den Vereinigten Staaten offen gegen\u00fcbersteht, werde er kein Handelsabkommen akzeptieren, das nicht im besten Interesse der Kanadier sei, erkl\u00e4rte Carney gegen\u00fcber Journalisten am Rande des ASEAN-Gipfels in Kuala Lumpur.<\/p>\n<p>Vergangenen Donnerstag hatte Trump angek\u00fcndigt, die Handelsgespr\u00e4che mit Kanada abzubrechen, nachdem ein politischer Werbespot in Ontario einen Ausschnitt des republikanischen Ikonen und ehemaligen Pr\u00e4sidenten Ronald Reagan verwendet hatte, in dem dieser erkl\u00e4rte, dass Z\u00f6lle zu Handelskriegen und wirtschaftlichen Katastrophen f\u00fchren w\u00fcrden.<\/p>\n<p>Am Samstag k\u00fcndigte Trump zudem zus\u00e4tzliche Z\u00f6lle von 10% auf Waren aus Kanada an.<\/p>\n<p>Carney sagte, er habe seit Donnerstag keinen Kontakt mehr zu Trump gehabt, den US-Pr\u00e4sidenten jedoch wissen lassen, dass er f\u00fcr Gespr\u00e4che zur Verf\u00fcgung stehe.<\/p>\n<p>\u201eWir sind bereit, uns mit den Vereinigten Staaten an einen Tisch zu setzen &#8211; ich pers\u00f6nlich, zusammen mit dem Pr\u00e4sidenten, meinen Kollegen und ihren Kollegen -, sobald die USA dazu bereit sind\u201c, sagte Carney.<\/p>\n<p>\u201eWir werden beide beim APEC-Gipfel sein\u201c, f\u00fcgte er hinzu. Zudem ist ein Treffen mit Chinas Pr\u00e4sident Xi Jinping am Rande des APEC-Treffens geplant.<\/p>\n<p>Trump, der am Montagmorgen Malaysia verlassen hat, erkl\u00e4rte, er habe nicht vor, sich w\u00e4hrend seiner Asienreise mit Carney zu treffen. Beide Politiker werden jedoch im Laufe dieser Woche am APEC-Gipfel teilnehmen.<\/p>\n","protected":false},"excerpt":{"rendered":"Der kanadische Premierminister Mark Carney wird sich noch in dieser Woche mit dem chinesischen Pr\u00e4sidenten Xi Jinping treffen&hellip;\n","protected":false},"author":2,"featured_media":530373,"comment_status":"","ping_status":"","sticky":false,"template":"","format":"standard","meta":{"footnotes":""},"categories":[3977],"tags":[331,332,665,13,14,15,12,4017,4018,4016,64,4019,4020],"class_list":{"0":"post-530372","1":"post","2":"type-post","3":"status-publish","4":"format-standard","5":"has-post-thumbnail","7":"category-usa","8":"tag-aktuelle-nachrichten","9":"tag-aktuelle-news","10":"tag-boerse","11":"tag-headlines","12":"tag-nachrichten","13":"tag-news","14":"tag-schlagzeilen","15":"tag-united-states","16":"tag-united-states-of-america","17":"tag-us","18":"tag-usa","19":"tag-vereinigte-staaten","20":"tag-vereinigte-staaten-von-amerika"},"share_on_mastodon":{"url":"","error":""},"_links":{"self":[{"href":"https:\/\/www.europesays.com\/de\/wp-json\/wp\/v2\/posts\/530372","targetHints":{"allow":["GET"]}}],"collection":[{"href":"https:\/\/www.europesays.com\/de\/wp-json\/wp\/v2\/posts"}],"about":[{"href":"https:\/\/www.europesays.com\/de\/wp-json\/wp\/v2\/types\/post"}],"author":[{"embeddable":true,"href":"https:\/\/www.europesays.com\/de\/wp-json\/wp\/v2\/users\/2"}],"replies":[{"embeddable":true,"href":"https:\/\/www.europesays.com\/de\/wp-json\/wp\/v2\/comments?post=530372"}],"version-history":[{"count":0,"href":"https:\/\/www.europesays.com\/de\/wp-json\/wp\/v2\/posts\/530372\/revisions"}],"wp:featuredmedia":[{"embeddable":true,"href":"https:\/\/www.europesays.com\/de\/wp-json\/wp\/v2\/media\/530373"}],"wp:attachment":[{"href":"https:\/\/www.europesays.com\/de\/wp-json\/wp\/v2\/media?parent=530372"}],"wp:term":[{"taxonomy":"category","embeddable":true,"href":"https:\/\/www.europesays.com\/de\/wp-json\/wp\/v2\/categories?post=530372"},{"taxonomy":"post_tag","embeddable":true,"href":"https:\/\/www.europesays.com\/de\/wp-json\/wp\/v2\/tags?post=530372"}],"curies":[{"name":"wp","href":"https:\/\/api.w.org\/{rel}","templated":true}]}}