{"id":530376,"date":"2025-10-27T11:51:13","date_gmt":"2025-10-27T11:51:13","guid":{"rendered":"https:\/\/www.europesays.com\/de\/530376\/"},"modified":"2025-10-27T11:51:13","modified_gmt":"2025-10-27T11:51:13","slug":"champions-und-para-elite-in-frankreich","status":"publish","type":"post","link":"https:\/\/www.europesays.com\/de\/530376\/","title":{"rendered":"Champions und Para-Elite in Frankreich"},"content":{"rendered":"<p><strong>In der Woche vom 27. Oktober bis 2. November werden in Frankreich zwei Kracher ausgetragen: Das WTT Champions in Montpellier und das Para-Elite-Turnier Yvelines. Bei den Damen gibt es einige Bundesliga-Matches.<\/strong><\/p>\n<p><strong>WTT Champions (Montpellier, Frankreich), 28. Oktober bis 2. November:<\/strong><\/p>\n<p>Ab Dienstag schmettern viele der weltbesten Spielerinnen und Spieler im franz\u00f6sischen Montpellier um wichtige Weltranglistenpunkte und ein Preisgeld von insgesamt 500.000 US-Dollar. Gespielt werden nur die Herren- und Damen-Einzel. \u00dcber den Turnierverlauf und die Ergebnisse der deutschen Akteure informieren wir euch in unserem Newsbereich. Gleich in der ersten Runde kommt es zu deutsch-deutschen Duellen: Benedikt Duda tritt gegen Dang Qiu an und Ying Han spielt gegen Sabine Winter.<\/p>\n<p>Deutsche Teilnehmerinnen und Teilnehmer:<br \/><strong>Herren:<\/strong> Benedikt Duda (WR: 8), Dang Qiu (14), Patrick Franziska (15), Dimitrij Ovtcharov (32)<br \/><strong>Damen:<\/strong> Ying Han (25), Sabine Winter (27)<\/p>\n<p>Topgesetzte Spielerinnen und Spieler:<br \/><strong>Herren:<\/strong> Hugo Calderano BRA (3), Tomokazu Harimoto JPN (4), Felix Lebrun FRA (5), Truls Moregard SWE (6)<br \/><strong>Damen:<\/strong> Chen Xingtong CHN (3), Kuai Man CHN (4), Wang Yidi CHN (5), Zhu Yuling MAC\/CHN (6)<\/p>\n<p><strong>Die Spiele der Deutschen im \u00dcberblick:<\/strong><\/p>\n<p>Herren-Einzel<\/p>\n<p><strong>1. Runde (letzte 32)<\/strong><br \/>Benedikt Duda \u2013 Dang Qiu, Mittwoch 13.35 Uhr<br \/>Patrick Franziska \u2013 Xiang Peng CHN, Mittwoch 15.55 Uhr<br \/>Dimitrij Ovtcharov \u2013 Hwan Bae AUS, Donnerstag 13 Uhr<\/p>\n<p>Damen-Einzel<\/p>\n<p><strong>1. Runde (letzte 32)<\/strong><br \/>Ying Han \u2013 Sabine Winter, Dienstag um 19.05 Uhr<\/p>\n<p><a href=\"https:\/\/www.worldtabletennis.com\/eventInfo?selectedTab=Overview&amp;eventId=3099\" target=\"_blank\" rel=\"noopener\">Zur WTT-Turnierseite<\/a> und <a href=\"https:\/\/www.dyn.sport\/event\/Champions_Montpellier_Finalspiele_97535\" target=\"_blank\" rel=\"noopener\">zur kostenpflichtigen \u00dcbertragung auf Dyn<\/a>.<\/p>\n<p><strong>ITTF World Para Elite Yvelines (Voisins-le-Bretonneux, Frankreich), 26. bis 30. Oktober:<\/strong><\/p>\n<p>Ein hochkar\u00e4tig besetztes Para-Turnier findet bereits seit dem vergangenen Sonntag in Frankreich statt. Mit dabei sind die besten Spielerinnen und Spieler aus Deutschland.<\/p>\n<p><strong>Deutsche Teilnehmerinnen und Teilnehmer:<\/strong> Mio Wagner, Thomas Schmidberger, Thomas Br\u00fcchle, Valentin Baus, Benedikt M\u00fcller, Bj\u00f6rn Schnake, Jan Reinig, Marlene Reeg, Jana Spegel, Sandra Mikolaschek, Stephanie Grebe, Juliane Wolf, Nina Reck<\/p>\n<p><a href=\"https:\/\/www.ittf.com\/tournament\/5680\/ITTF-World-Para-Elite-Yvelines-2025\/\" target=\"_blank\" rel=\"noopener\">Alle Infos und die jeweiligen Wettkampfklassen findet ihr auf der ITTF-Turnierwebseite<\/a>.<\/p>\n<p><strong>WTT Youth Contender (Kairo\/\u00c4gypten), 29. Oktober bis 1. November:<\/strong><\/p>\n<p>Keine deutschen Teilnehmer.<\/p>\n<p><a href=\"https:\/\/www.worldtabletennis.com\/eventInfo?selectedTab=Overview&amp;eventId=3051\" target=\"_blank\" rel=\"noopener\">Zur WTT-Turnierseite<\/a>.<\/p>\n<p><strong>WTT Youth Contender (San Francisco\/USA), 29. Oktober bis 1. November:<\/strong><\/p>\n<p>Keine deutschen Teilnehmer.<\/p>\n<p><a href=\"https:\/\/www.worldtabletennis.com\/eventInfo?eventId=3055&amp;selectedTab=Overview\" target=\"_blank\" rel=\"noopener\">Zur WTT-Turnierseite<\/a>.<\/p>\n<p><strong>Damen-Bundesliga:<\/strong><\/p>\n<p>F\u00fcr die Damen-Profis aus Langstadt und Kolbermoor steht jeweils ein Doppelspieltag an:<\/p>\n<p>TTC Weinheim \u2013 TSV Langstadt, Samstag 14 Uhr<br \/>TTG Bingen\/M\u00fcnster-Sarmsheim \u2013 SV DJK Kolbermoor, Samstag 18 Uhr<\/p>\n<p>ESV Weil \u2013 ttc berlin eastside, Sonntag 14 Uhr<br \/>TSV Langstadt \u2013 SV DJK Kolbermoor, Sonntag 14 Uhr<\/p>\n<p><a href=\"https:\/\/www.mytischtennis.de\/click-tt\/DTTB\/25--26\/ligen\/1._Bundesliga\/gruppe\/493084\/tabelle\/gesamt\" target=\"_blank\" rel=\"noopener\">Zur aktuellen Liga-\u00dcbersicht und Tabelle<\/a>.<\/p>\n","protected":false},"excerpt":{"rendered":"In der Woche vom 27. Oktober bis 2. November werden in Frankreich zwei Kracher ausgetragen: Das WTT Champions&hellip;\n","protected":false},"author":2,"featured_media":530377,"comment_status":"","ping_status":"","sticky":false,"template":"","format":"standard","meta":{"footnotes":""},"categories":[3974],"tags":[331,332,548,663,3934,3980,156,13,14,15,12],"class_list":{"0":"post-530376","1":"post","2":"type-post","3":"status-publish","4":"format-standard","5":"has-post-thumbnail","7":"category-frankreich","8":"tag-aktuelle-nachrichten","9":"tag-aktuelle-news","10":"tag-eu","11":"tag-europa","12":"tag-europe","13":"tag-france","14":"tag-frankreich","15":"tag-headlines","16":"tag-nachrichten","17":"tag-news","18":"tag-schlagzeilen"},"share_on_mastodon":{"url":"https:\/\/pubeurope.com\/@de\/115445988460372446","error":""},"_links":{"self":[{"href":"https:\/\/www.europesays.com\/de\/wp-json\/wp\/v2\/posts\/530376","targetHints":{"allow":["GET"]}}],"collection":[{"href":"https:\/\/www.europesays.com\/de\/wp-json\/wp\/v2\/posts"}],"about":[{"href":"https:\/\/www.europesays.com\/de\/wp-json\/wp\/v2\/types\/post"}],"author":[{"embeddable":true,"href":"https:\/\/www.europesays.com\/de\/wp-json\/wp\/v2\/users\/2"}],"replies":[{"embeddable":true,"href":"https:\/\/www.europesays.com\/de\/wp-json\/wp\/v2\/comments?post=530376"}],"version-history":[{"count":0,"href":"https:\/\/www.europesays.com\/de\/wp-json\/wp\/v2\/posts\/530376\/revisions"}],"wp:featuredmedia":[{"embeddable":true,"href":"https:\/\/www.europesays.com\/de\/wp-json\/wp\/v2\/media\/530377"}],"wp:attachment":[{"href":"https:\/\/www.europesays.com\/de\/wp-json\/wp\/v2\/media?parent=530376"}],"wp:term":[{"taxonomy":"category","embeddable":true,"href":"https:\/\/www.europesays.com\/de\/wp-json\/wp\/v2\/categories?post=530376"},{"taxonomy":"post_tag","embeddable":true,"href":"https:\/\/www.europesays.com\/de\/wp-json\/wp\/v2\/tags?post=530376"}],"curies":[{"name":"wp","href":"https:\/\/api.w.org\/{rel}","templated":true}]}}