{"id":530392,"date":"2025-10-27T12:00:32","date_gmt":"2025-10-27T12:00:32","guid":{"rendered":"https:\/\/www.europesays.com\/de\/530392\/"},"modified":"2025-10-27T12:00:32","modified_gmt":"2025-10-27T12:00:32","slug":"mehrere-vollsperrungen-in-duisburg-diese-strassen-sind-ab-heute-gesperrt","status":"publish","type":"post","link":"https:\/\/www.europesays.com\/de\/530392\/","title":{"rendered":"Mehrere Vollsperrungen in Duisburg: Diese Stra\u00dfen sind ab heute gesperrt"},"content":{"rendered":"<p>Autofahrer in Duisburg m\u00fcssen sich ab heute (27.10.) auf gleich mehrere Vollsperrungen einstellen. In Buchholz, Hochemmerich und Neudorf-Nord beginnen umfangreiche Kanal- und Fernw\u00e4rmearbeiten. Die Baustellen werden teilweise bis Mitte Dezember andauern.<\/p>\n<p>Buchholz: Kufsteiner Stra\u00dfe komplett dicht<\/p>\n<p>Die Wirtschaftsbetriebe Duisburg sperren die Kufsteiner Stra\u00dfe in H\u00f6he der Hausnummer 6 vollst\u00e4ndig. Grund sind Kanalbauarbeiten. Fu\u00dfg\u00e4nger k\u00f6nnen die Baustelle auf der gegen\u00fcberliegenden Stra\u00dfenseite umgehen. Die Anwohner sind von der Sperrung nur eingeschr\u00e4nkt betroffen: Alle Hauseing\u00e4nge und Garageneinfahrten bleiben erreichbar. Ein Behindertenparkplatz wird w\u00e4hrend der Bauphase an eine andere Stelle verlegt.<\/p>\n<p>Swakopmunder Stra\u00dfe: Fernw\u00e4rmeausbau bis Dezember<\/p>\n<p>Ebenfalls in Buchholz beginnen heute Arbeiten an der Swakopmunder Stra\u00dfe. Die Netze Duisburg verlegen dort neue Fernw\u00e4rmeleitungen. Betroffen sind zwei Bauabschnitte zwischen den Hausnummern 2 und 12a. Die Zufahrten zu den Grundst\u00fccken bleiben \u00fcber Stahlplatten befahrbar, Fu\u00dfg\u00e4nger k\u00f6nnen den Bereich weiterhin passieren. Die Arbeiten sollen voraussichtlich bis Mitte Dezember abgeschlossen sein.<\/p>\n<p>Hochemmerich: Eduardstra\u00dfe bis November gesperrt<\/p>\n<p>In Hochemmerich macht die Eduardstra\u00dfe dicht. Die Wirtschaftsbetriebe haben Kanalbauarbeiten angek\u00fcndigt, die bis Anfang November dauern sollen. Eine offizielle Umleitung f\u00fcr den Autoverkehr gibt es nicht. Fu\u00dfg\u00e4nger k\u00f6nnen die Baustelle weiterhin passieren.<\/p>\n<p>Neudorf-Nord: Oststra\u00dfe auf Teilst\u00fcck gesperrt<\/p>\n<p>Die vierte Baustelle entsteht in Neudorf-Nord. Dort sperren die Wirtschaftsbetriebe die Oststra\u00dfe zwischen Blumenstra\u00dfe und Heinrich-Lersch-Stra\u00dfe komplett. Auch hier stehen Kanalbauarbeiten an, die voraussichtlich bis Mitte November andauern. Fu\u00dfg\u00e4nger k\u00f6nnen auf der gegen\u00fcberliegenden Stra\u00dfenseite weitergehen.<\/p>\n","protected":false},"excerpt":{"rendered":"Autofahrer in Duisburg m\u00fcssen sich ab heute (27.10.) auf gleich mehrere Vollsperrungen einstellen. In Buchholz, Hochemmerich und Neudorf-Nord&hellip;\n","protected":false},"author":2,"featured_media":530393,"comment_status":"","ping_status":"","sticky":false,"template":"","format":"standard","meta":{"footnotes":""},"categories":[1838],"tags":[2461,3364,29,3715,30,1209,2083,11780,601],"class_list":{"0":"post-530392","1":"post","2":"type-post","3":"status-publish","4":"format-standard","5":"has-post-thumbnail","7":"category-duisburg","8":"tag-baustelle","9":"tag-de","10":"tag-deutschland","11":"tag-duisburg","12":"tag-germany","13":"tag-nordrhein-westfalen","14":"tag-sperrungen","15":"tag-strae","16":"tag-verkehr"},"share_on_mastodon":{"url":"https:\/\/pubeurope.com\/@de\/115446023778176358","error":""},"_links":{"self":[{"href":"https:\/\/www.europesays.com\/de\/wp-json\/wp\/v2\/posts\/530392","targetHints":{"allow":["GET"]}}],"collection":[{"href":"https:\/\/www.europesays.com\/de\/wp-json\/wp\/v2\/posts"}],"about":[{"href":"https:\/\/www.europesays.com\/de\/wp-json\/wp\/v2\/types\/post"}],"author":[{"embeddable":true,"href":"https:\/\/www.europesays.com\/de\/wp-json\/wp\/v2\/users\/2"}],"replies":[{"embeddable":true,"href":"https:\/\/www.europesays.com\/de\/wp-json\/wp\/v2\/comments?post=530392"}],"version-history":[{"count":0,"href":"https:\/\/www.europesays.com\/de\/wp-json\/wp\/v2\/posts\/530392\/revisions"}],"wp:featuredmedia":[{"embeddable":true,"href":"https:\/\/www.europesays.com\/de\/wp-json\/wp\/v2\/media\/530393"}],"wp:attachment":[{"href":"https:\/\/www.europesays.com\/de\/wp-json\/wp\/v2\/media?parent=530392"}],"wp:term":[{"taxonomy":"category","embeddable":true,"href":"https:\/\/www.europesays.com\/de\/wp-json\/wp\/v2\/categories?post=530392"},{"taxonomy":"post_tag","embeddable":true,"href":"https:\/\/www.europesays.com\/de\/wp-json\/wp\/v2\/tags?post=530392"}],"curies":[{"name":"wp","href":"https:\/\/api.w.org\/{rel}","templated":true}]}}