{"id":530405,"date":"2025-10-27T12:07:16","date_gmt":"2025-10-27T12:07:16","guid":{"rendered":"https:\/\/www.europesays.com\/de\/530405\/"},"modified":"2025-10-27T12:07:16","modified_gmt":"2025-10-27T12:07:16","slug":"striezelmarktbaum-auf-dem-altmarkt-in-dresden-2025","status":"publish","type":"post","link":"https:\/\/www.europesays.com\/de\/530405\/","title":{"rendered":"Striezelmarktbaum auf dem Altmarkt in Dresden 2025"},"content":{"rendered":"<p>Am Sonnabend, dem 1. November 2025, steht in Dresden ein bedeutendes Ereignis an: Der Striezelmarktbaum, eine beeindruckende Veitchs Tanne, wird auf dem Altmarkt aufgestellt. Diese besondere Tanne, die in Europa selten ist, hat ihren Ursprung in Japan und ist 50 Jahre alt. Mit einer H\u00f6he von 22 Metern zierte sie bis jetzt ein privates Grundst\u00fcck in Dresden-Altfranken, wo sie 1975 gepflanzt wurde.<\/p>\n<p>In den fr\u00fchen Morgenstunden wird der Baum gef\u00e4llt und per Kran auf einen Schwerlasttransporter gehoben. Der Transport f\u00fchrt direkt zum Dresdner Altmarkt, wo er dann erneut von einem Kran angehoben wird. Damit die Tanne sicher in ihre Standorth\u00fclse passt, wird sie zurechtges\u00e4gt und aufgestellt. Alle Dresdner und ihre G\u00e4ste sind herzlich eingeladen, diesem traditionellen Spektakel beizuwohnen. Vor Ort sorgen Gl\u00fchwein und Bratwurst f\u00fcr eine vorweihnachtliche Atmosph\u00e4re. Die Stadtverwaltung rechnet damit, dass der Baum zwischen 10 und 11 Uhr auf dem Altmarkt ankommt. Die Veitchs Tanne wird von einer Privatperson gespendet und ist seit drei Jahren durch eine F\u00e4llgenehmigung rechtlich gesch\u00fctzt. <\/p>\n<p>Der Striezelmarkt selbst findet von Mittwoch, den 26. November 2025, bis Mittwoch, den 24. Dezember 2025, statt. Die offizielle Er\u00f6ffnung beginnt am 26. November um 16 Uhr und schlie\u00dft mit einer feierlichen Lichtzeremonie und der \u00d6ffnung der Marktst\u00e4nde um 16.30 Uhr. Zus\u00e4tzlich wird an diesem Tag um 15 Uhr ein \u00f6kumenischer Gottesdienst in der Kreuzkirche Dresden stattfinden, gefolgt von einem festlichen Auszug zur Striezelmarktb\u00fchne am Altmarkt.<\/p>\n<p>Auf dem Striezelmarkt erwarten die Besucher zahlreiche Veranstaltungen und Attraktionen. In den Schauwerkst\u00e4tten k\u00f6nnen die G\u00e4ste traditionelles erzgebirgisches Kunsthandwerk bestaunen. F\u00fcr die Kleinsten gibt es im M\u00e4rchenhaus und Wichtelkino viel zu h\u00f6ren und zu sehen. Au\u00dferdem haben Kinder die M\u00f6glichkeit, in der Weihnachtsb\u00e4ckerei kreativ zu werden oder im Pflaumentoffelhaus zu basteln. Puppentheater am Adventskalender sorgt f\u00fcr zus\u00e4tzlichen Spa\u00df, w\u00e4hrend ein kostenfreies Kulturprogramm auf der Striezelmarktb\u00fchne f\u00fcr Abwechslung sorgt.<\/p>\n","protected":false},"excerpt":{"rendered":"Am Sonnabend, dem 1. November 2025, steht in Dresden ein bedeutendes Ereignis an: Der Striezelmarktbaum, eine beeindruckende Veitchs&hellip;\n","protected":false},"author":2,"featured_media":530406,"comment_status":"","ping_status":"","sticky":false,"template":"","format":"standard","meta":{"footnotes":""},"categories":[1835],"tags":[95402,3364,29,2386,130407,30,859,130406,12289],"class_list":{"0":"post-530405","1":"post","2":"type-post","3":"status-publish","4":"format-standard","5":"has-post-thumbnail","7":"category-dresden","8":"tag-advent","9":"tag-de","10":"tag-deutschland","11":"tag-dresden","12":"tag-dresdener-weihnachtsmarkt","13":"tag-germany","14":"tag-sachsen","15":"tag-striezelmarkt","16":"tag-weihnachten"},"share_on_mastodon":{"url":"https:\/\/pubeurope.com\/@de\/115446051370202896","error":""},"_links":{"self":[{"href":"https:\/\/www.europesays.com\/de\/wp-json\/wp\/v2\/posts\/530405","targetHints":{"allow":["GET"]}}],"collection":[{"href":"https:\/\/www.europesays.com\/de\/wp-json\/wp\/v2\/posts"}],"about":[{"href":"https:\/\/www.europesays.com\/de\/wp-json\/wp\/v2\/types\/post"}],"author":[{"embeddable":true,"href":"https:\/\/www.europesays.com\/de\/wp-json\/wp\/v2\/users\/2"}],"replies":[{"embeddable":true,"href":"https:\/\/www.europesays.com\/de\/wp-json\/wp\/v2\/comments?post=530405"}],"version-history":[{"count":0,"href":"https:\/\/www.europesays.com\/de\/wp-json\/wp\/v2\/posts\/530405\/revisions"}],"wp:featuredmedia":[{"embeddable":true,"href":"https:\/\/www.europesays.com\/de\/wp-json\/wp\/v2\/media\/530406"}],"wp:attachment":[{"href":"https:\/\/www.europesays.com\/de\/wp-json\/wp\/v2\/media?parent=530405"}],"wp:term":[{"taxonomy":"category","embeddable":true,"href":"https:\/\/www.europesays.com\/de\/wp-json\/wp\/v2\/categories?post=530405"},{"taxonomy":"post_tag","embeddable":true,"href":"https:\/\/www.europesays.com\/de\/wp-json\/wp\/v2\/tags?post=530405"}],"curies":[{"name":"wp","href":"https:\/\/api.w.org\/{rel}","templated":true}]}}