{"id":530407,"date":"2025-10-27T12:08:16","date_gmt":"2025-10-27T12:08:16","guid":{"rendered":"https:\/\/www.europesays.com\/de\/530407\/"},"modified":"2025-10-27T12:08:16","modified_gmt":"2025-10-27T12:08:16","slug":"pol-del-landkreis-oldenburg-neuer-leiter-der-polizeistation-grossenkneten","status":"publish","type":"post","link":"https:\/\/www.europesays.com\/de\/530407\/","title":{"rendered":"POL-DEL: Landkreis Oldenburg: Neuer Leiter der Polizeistation Gro\u00dfenkneten"},"content":{"rendered":"<p class=\"date\">27.10.2025 \u2013 12:58<\/p>\n<p class=\"customer\">\n                        <a class=\"story-customer\" title=\"weiter zum newsroom von Polizeiinspektion Delmenhorst \/ Oldenburg - Land \/ Wesermarsch\" href=\"https:\/\/www.presseportal.de\/blaulicht\/nr\/68438\" target=\"_blank\" rel=\"noopener\">Polizeiinspektion Delmenhorst \/ Oldenburg &#8211; Land \/ Wesermarsch<\/a>\n                    <\/p>\n<p><a class=\"glightbox event-trigger\" href=\"https:\/\/cache.pressmailing.net\/thumbnail\/story_hires\/51ad3d43-7b3c-4671-9c91-f6ddd3dcec78\/Siemer-Hoffmeyer-Wiebusch.jpg.jpg\" data-description=\"Der neue Stationsleiter Holger Siemer mit Nils Wiebusch (Leiter PK Wildeshausen) und Carsten Hoffmeyer (Leiter PI Delmenhorst\/Oldenburg-Land\/Wesermarsch)\" data-category=\"medialightbox\" data-action=\"click\" data-label=\"single\" data-value=\"68ff5e4d270000fd2cd16f6d\" target=\"_blank\" rel=\"noopener\"><img decoding=\"async\" height=\"540\" with=\"720\" src=\"https:\/\/www.europesays.com\/de\/wp-content\/uploads\/2025\/10\/pol-del-landkreis-oldenburg-neuer-leiter-der-polizeistation-gro-enkneten.jpeg\"   alt=\"POL-DEL: Landkreis Oldenburg: Neuer Leiter der Polizeistation Gro\u00dfenkneten\" class=\"single\"\/><\/a><\/p>\n<p><a data-category=\"citylink-story-view\" data-action=\"click\" data-label=\"Citylink in Meldungsansicht\" class=\"story-city event-trigger\" href=\"https:\/\/www.presseportal.de\/regional\/Delmenhorst\" title=\"News aus Delmenhorst \" target=\"_blank\" rel=\"noopener\">Delmenhorst<\/a> (ots)<\/p>\n<p>Die Polizeistation Gro\u00dfenkneten bekommt einen neuen Leiter: Holger Siemer \u00fcbernimmt ab dem 01. November 2025 die Leitung der Dienststelle. F\u00fcr die Mitarbeitenden und die B\u00fcrgerinnen und B\u00fcrger ist er kein Unbekannter &#8211; der Polizeihauptkommissar ist bereits seit 2006 Teil des Teams und lebt mit seiner Familie in der Gemeinde.<\/p>\n<p>Der gelernte Zimmermann ist 1993 in den Polizeidienst des Landes Niedersachsen eingetreten. Nach der Ausbildung versah er seinen Dienst zun\u00e4chst in der Bereitschaftspolizei. Seit 2005 ist der vierfache Familienvater im Landkreis Oldenburg t\u00e4tig. Erfahrungen sammelte er aber nicht nur auf den Stra\u00dfen Niedersachsens. Insgesamt viermal nahm er als Polizeibeamter auch an Eins\u00e4tzen im europ\u00e4ischen Ausland teil.<\/p>\n<p>&#8222;Die Polizeistation Gro\u00dfenkneten ist f\u00fcr die Sicherheit im Landkreis Oldenburg von zentraler Bedeutung&#8220; sagt Polizeioberrat Nils Wiebusch, Leiter des Polizeikommissariats Wildeshausen. &#8222;Umso mehr freue ich mich, dass wir mit Holger Siemer einen Leiter gewinnen konnten, der f\u00fcr Erfahrung und Verl\u00e4sslichkeit steht und zugleich durch seine enge Verbundenheit mit der Region ein besonderes Gesp\u00fcr f\u00fcr die Belange der Menschen mitbringt. Ich bin \u00fcberzeugt, dass er die richtigen Schwerpunkte setzen und stets ein offenes Ohr f\u00fcr die Anliegen vor Ort haben wird.&#8220;<\/p>\n<p>Holger Siemer war bereits seit sieben Jahren als stellvertretender Leiter der Dienststelle t\u00e4tig und tritt nun offiziell die Nachfolge von Frank K\u00f6hne an, der in den Ruhestand verabschiedet worden ist.<\/p>\n<p class=\"contact-headline\">R\u00fcckfragen bitte an:<\/p>\n<p class=\"contact-text\">Albert Seegers<br \/>Polizeiinspektion Delmenhorst\/Oldenburg-Land\/Wesermarsch<br \/>Pressestelle<br \/>Telefon: 04221-1559104<br \/>E-Mail: <a href=\"https:\/\/www.presseportal.de\/blaulicht\/pm\/68438\/mailto: pressestelle@pi-del.polizei.niedersachsen.de\" class=\"uri-mailto\" target=\"_blank\" rel=\"noopener\"> pressestelle@pi-del.polizei.niedersachsen.de<\/a> <br \/>Homepage: <a target=\"_blank\" class=\"uri-ext outbound\" rel=\"noopener\" href=\"https:\/\/t.co\/aQZG7qf8EJ\">https:\/\/t.co\/aQZG7qf8EJ<\/a><br \/>Social Media: <a target=\"_blank\" class=\"uri-ext outbound\" rel=\"noopener\" href=\"https:\/\/x.com\/Polizei_DEL\">https:\/\/x.com\/Polizei_DEL<\/a><\/p>\n<p class=\"originator\">Original-Content von: Polizeiinspektion Delmenhorst \/ Oldenburg &#8211; Land \/ Wesermarsch, \u00fcbermittelt durch news aktuell<\/p>\n","protected":false},"excerpt":{"rendered":"27.10.2025 \u2013 12:58 Polizeiinspektion Delmenhorst \/ Oldenburg &#8211; Land \/ Wesermarsch Delmenhorst (ots) Die Polizeistation Gro\u00dfenkneten bekommt einen&hellip;\n","protected":false},"author":2,"featured_media":530408,"comment_status":"","ping_status":"","sticky":false,"template":"","format":"standard","meta":{"footnotes":""},"categories":[1824],"tags":[2420,3364,29,30,177,5404,121,178,180,179,181],"class_list":{"0":"post-530407","1":"post","2":"type-post","3":"status-publish","4":"format-standard","5":"has-post-thumbnail","7":"category-bremen","8":"tag-bremen","9":"tag-de","10":"tag-deutschland","11":"tag-germany","12":"tag-kriminalitt","13":"tag-ni","14":"tag-polizei","15":"tag-presse","16":"tag-pressemeldung","17":"tag-pressemitteilung","18":"tag-pressemitteilungen"},"share_on_mastodon":{"url":"https:\/\/pubeurope.com\/@de\/115446056167236301","error":""},"_links":{"self":[{"href":"https:\/\/www.europesays.com\/de\/wp-json\/wp\/v2\/posts\/530407","targetHints":{"allow":["GET"]}}],"collection":[{"href":"https:\/\/www.europesays.com\/de\/wp-json\/wp\/v2\/posts"}],"about":[{"href":"https:\/\/www.europesays.com\/de\/wp-json\/wp\/v2\/types\/post"}],"author":[{"embeddable":true,"href":"https:\/\/www.europesays.com\/de\/wp-json\/wp\/v2\/users\/2"}],"replies":[{"embeddable":true,"href":"https:\/\/www.europesays.com\/de\/wp-json\/wp\/v2\/comments?post=530407"}],"version-history":[{"count":0,"href":"https:\/\/www.europesays.com\/de\/wp-json\/wp\/v2\/posts\/530407\/revisions"}],"wp:featuredmedia":[{"embeddable":true,"href":"https:\/\/www.europesays.com\/de\/wp-json\/wp\/v2\/media\/530408"}],"wp:attachment":[{"href":"https:\/\/www.europesays.com\/de\/wp-json\/wp\/v2\/media?parent=530407"}],"wp:term":[{"taxonomy":"category","embeddable":true,"href":"https:\/\/www.europesays.com\/de\/wp-json\/wp\/v2\/categories?post=530407"},{"taxonomy":"post_tag","embeddable":true,"href":"https:\/\/www.europesays.com\/de\/wp-json\/wp\/v2\/tags?post=530407"}],"curies":[{"name":"wp","href":"https:\/\/api.w.org\/{rel}","templated":true}]}}