{"id":530443,"date":"2025-10-27T12:31:25","date_gmt":"2025-10-27T12:31:25","guid":{"rendered":"https:\/\/www.europesays.com\/de\/530443\/"},"modified":"2025-10-27T12:31:25","modified_gmt":"2025-10-27T12:31:25","slug":"hamburg-schleswig-holstein-u4-kuenftig-im-fuenf-minuten-takt-in-die-hafencity","status":"publish","type":"post","link":"https:\/\/www.europesays.com\/de\/530443\/","title":{"rendered":"Hamburg &#038; Schleswig-Holstein: U4 k\u00fcnftig im F\u00fcnf-Minuten-Takt in die Hafencity"},"content":{"rendered":"<p>                    Hamburg &amp; Schleswig-Holstein<br \/>\n                U4 k\u00fcnftig im F\u00fcnf-Minuten-Takt in die Hafencity<\/p>\n<p>\t\t\t\t              27.10.2025, 13:06 Uhr<\/p>\n<p><strong>Ab dem 8. November f\u00e4hrt die Linie 4 jeden Samstagmittag alle f\u00fcnf Minuten in Richtung Hafencity. Grund ist die erh\u00f6hte Nachfrage.<\/strong><\/p>\n<p>Hamburg (dpa\/lno) &#8211; P\u00fcnktlich zum Weihnachtsgesch\u00e4ft f\u00e4hrt die U4 samstags in engerer Taktung in die Hafencity. Ab dem 8. November sollen die Z\u00fcge zwischen den Haltestellen Burgstra\u00dfe und Elbbr\u00fccken in der Zeit zwischen 12.00 und 18.00 Uhr alle f\u00fcnf Minuten verkehren, wie die Hochbahn mitteilte. F\u00fcr die Fahrg\u00e4ste w\u00fcrden damit rund 45.000 zus\u00e4tzliche Pl\u00e4tze geschaffen.<\/p>\n<p>Bislang gilt auf der Strecke ein Zehn-Minuten-Takt. Grund f\u00fcr die Anpassung ist laut Hochbahn die gestiegene Nachfrage.<\/p>\n<p>Auch bei den Linien U2 und U4 w\u00fcrden zwischen Burgstra\u00dfe und Billstedt k\u00fcnftig mehr Bahnen eingesetzt, hie\u00df es. Statt alle f\u00fcnf Minuten fahren dann drei Bahnen in zehn Minuten.<\/p>\n","protected":false},"excerpt":{"rendered":"Hamburg &amp; Schleswig-Holstein U4 k\u00fcnftig im F\u00fcnf-Minuten-Takt in die Hafencity 27.10.2025, 13:06 Uhr Ab dem 8. November f\u00e4hrt&hellip;\n","protected":false},"author":2,"featured_media":530444,"comment_status":"","ping_status":"","sticky":false,"template":"","format":"standard","meta":{"footnotes":""},"categories":[1826],"tags":[29,130413,30,7782,692,1971],"class_list":{"0":"post-530443","1":"post","2":"type-post","3":"status-publish","4":"format-standard","5":"has-post-thumbnail","7":"category-hamburg","8":"tag-deutschland","9":"tag-fuenf-minuten-takt","10":"tag-germany","11":"tag-hafencity","12":"tag-hamburg","13":"tag-schleswig-holstein"},"share_on_mastodon":{"url":"https:\/\/pubeurope.com\/@de\/115446145598499874","error":""},"_links":{"self":[{"href":"https:\/\/www.europesays.com\/de\/wp-json\/wp\/v2\/posts\/530443","targetHints":{"allow":["GET"]}}],"collection":[{"href":"https:\/\/www.europesays.com\/de\/wp-json\/wp\/v2\/posts"}],"about":[{"href":"https:\/\/www.europesays.com\/de\/wp-json\/wp\/v2\/types\/post"}],"author":[{"embeddable":true,"href":"https:\/\/www.europesays.com\/de\/wp-json\/wp\/v2\/users\/2"}],"replies":[{"embeddable":true,"href":"https:\/\/www.europesays.com\/de\/wp-json\/wp\/v2\/comments?post=530443"}],"version-history":[{"count":0,"href":"https:\/\/www.europesays.com\/de\/wp-json\/wp\/v2\/posts\/530443\/revisions"}],"wp:featuredmedia":[{"embeddable":true,"href":"https:\/\/www.europesays.com\/de\/wp-json\/wp\/v2\/media\/530444"}],"wp:attachment":[{"href":"https:\/\/www.europesays.com\/de\/wp-json\/wp\/v2\/media?parent=530443"}],"wp:term":[{"taxonomy":"category","embeddable":true,"href":"https:\/\/www.europesays.com\/de\/wp-json\/wp\/v2\/categories?post=530443"},{"taxonomy":"post_tag","embeddable":true,"href":"https:\/\/www.europesays.com\/de\/wp-json\/wp\/v2\/tags?post=530443"}],"curies":[{"name":"wp","href":"https:\/\/api.w.org\/{rel}","templated":true}]}}