{"id":530461,"date":"2025-10-27T12:41:23","date_gmt":"2025-10-27T12:41:23","guid":{"rendered":"https:\/\/www.europesays.com\/de\/530461\/"},"modified":"2025-10-27T12:41:23","modified_gmt":"2025-10-27T12:41:23","slug":"bauer-sucht-frau-eigentlich-wollte-walters-sohn-auf-brautschau-gehen-unterhaltung","status":"publish","type":"post","link":"https:\/\/www.europesays.com\/de\/530461\/","title":{"rendered":"\u201eBauer sucht Frau\u201c: Eigentlich wollte Walters Sohn auf Brautschau gehen | Unterhaltung"},"content":{"rendered":"<p>K\u00f6ln \u2013 <b>Es geht wieder los! In der 21. Staffel von \u201eBauer sucht Frau\u201c hilft Inka Bause wieder einsamen Landwirtinnen und Landwirten, das gro\u00dfe Liebesgl\u00fcck zu finden. Und dieses Mal ist ein Bauer dabei, der sich gar nicht f\u00fcr die RTL-Sendung beworben hat. Urspr\u00fcnglich wollte nur der Sohn von Walter aus dem Emsland (Niedersachsen) die gro\u00dfe Liebe im TV finden.<\/b><\/p>\n<p><img decoding=\"async\" width=\"992\" height=\"558\" alt=\"Landwirt Walter (l.) mit seinem Sohn Klaus, der auch Single ist\" src=\"https:\/\/www.europesays.com\/de\/wp-content\/uploads\/2025\/10\/ec3fb1026ff44013d7aa7f98f424d532,8d743bd9\"   class=\"landscape\" loading=\"lazy\"\/><\/p>\n<p class=\"fig__caption__text\"> Landwirt Walter (l.) mit Sohn Klaus (33)<\/p>\n<p>Foto: RTL<\/p>\n<p> \u201e<a href=\"https:\/\/www.bild.de\/unterhaltung\/tv\/bauer-sucht-frau\/bauer-sucht-frau-alle-infos-76681004.bild.html\" class=\"text-link\" rel=\"nofollow noopener\" target=\"_blank\">,Bauer sucht Frau\u2018<\/a> hat, und das sage ich voller Stolz, dazu beigetragen, dass meine Bauern und B\u00e4uerinnen selbstbewusster geworden sind\u201c, sagt <a href=\"https:\/\/www.bild.de\/themen\/personen\/inka-bause\/musik-nachrichten-news-fotos-videos-15803632.bild.html\" class=\"text-link\" rel=\"nofollow noopener\" target=\"_blank\">Inka Bause<\/a> zum Start der neuen, 21. Staffel (ab 3. November 2025, 20.15 Uhr RTL und ab Montag bei RTL+). Stolz, dabei zu sein, ist auch Bauer Walter. Er ist der \u00e4lteste der 13 Kandidaten dieser Staffel und verdankt seine Teilnahme nur einem Zufall. <\/p>\n<p>Walters Sohn bekam einen Anruf von RTL<\/p>\n<p>\u201eMein Sohn hat sich beworben und bekam daraufhin einen Anruf von <a href=\"https:\/\/www.bild.de\/themen\/organisationen\/rtl\/groesster-privatsender-in-deutschland-19409690.bild.html\" class=\"text-link\" rel=\"nofollow noopener\" target=\"_blank\">RTL<\/a>. Die Redaktion fragte, ob er noch mitmachen wollte, und Klaus erz\u00e4hlte von sich und auch, dass seine Eltern seit ein paar Jahren geschieden sind. Daraufhin wollte man wissen, ob sein Vater auch alleine ist\u201c, sagt Walter zu BILD. <\/p>\n<p>\u201eW\u00e4hrend des Telefonats  stand ich in unmittelbarer N\u00e4he, und Klaus guckte mich an und fragte: ,Papa, suchst Du auch noch eine?\u2018 Ich sagte \u201aJa, selbstverst\u00e4ndlich!\u2018 Und so war ich dann pl\u00f6tzlich mit dabei, obwohl ich keine Bewerbung geschickt habe.\u201c<\/p>\n<p><img decoding=\"async\" width=\"992\" height=\"608\" alt=\"Walter vertraut Inka Bause (56) an, was er sich von seiner zuk\u00fcnftigen Partnerin w\u00fcnscht: Sie sollte kochen k\u00f6nnen hofft auch noch mal das gro\u00dfe Gl\u00fcck zu finden Walter (73) ist der \u00e4lteste Kandidat in dieser Staffel und hofft auch noch mal das gro\u00dfe Gl\u00fcck zu finden\" src=\"https:\/\/www.europesays.com\/de\/wp-content\/uploads\/2025\/10\/89de945b20a2ef85f5a0cbb1e268452b,143190c6\"   class=\"dynamic\" loading=\"lazy\"\/><\/p>\n<p class=\"fig__caption__text\">H\u00fchnerwirt Walter ist der \u00e4lteste Kandidat in dieser Staffel und hofft, noch mal das gro\u00dfe Liebesgl\u00fcck zu finden<\/p>\n<p>Foto: RTL \/ Stefan Gregorowius<\/p>\n<p>Klaus konnte nicht mehr bei \u201eBauer sucht Frau\u201c teilnehmen<\/p>\n<p>Pech f\u00fcr Klaus, denn es konnte nur ein Bauer pro Familie an der Sendung teilnehmen. \u201eEr hat mich aber unterst\u00fctzt\u201c, erz\u00e4hlt der H\u00fchnerwirt, der insgesamt sieben Kinder hat. \u201eIch habe zwar ein Handy, kann da aber nicht so gut mit umgehen, deswegen musste viel \u00fcber Klaus\u2019 Handy laufen, und das hat gut geklappt.\u201c Auch mit den E-Mails am Computer und bei den Sichtungen der Bewerbungen half ihm der Sohn.<\/p>\n<p><img decoding=\"async\" width=\"992\" height=\"661\" alt=\"Walter trifft beim Scheuenfest gleich drei Frauen, die sich f\u00fcr ihn beworben haben: Andrea (l.), Katharina (2. v. r.) und Anna\" src=\"https:\/\/www.europesays.com\/de\/wp-content\/uploads\/2025\/10\/a678b9ba699e18e0b070623493df9e8c,2f89b5f0\"   class=\"dynamic\" loading=\"lazy\"\/><\/p>\n<p class=\"fig__caption__text\">Walter trifft beim Scheuenfest gleich drei Frauen, die sich f\u00fcr ihn beworben haben: Andrea (l.), Katharina (2. v. r.) und Anna<\/p>\n<p>Foto:  RTL\/Stefan Gregorowius<\/p>\n<p>Walter: \u201eEigentlich wollte ich nur eine Frau auf dem Scheunenfest treffen, aber RTL meinte, es w\u00e4re besser, wenn ich drei einlade und die Frauen dort dann pers\u00f6nlich kennenlernen kann.\u201c Beim Zusammentreffen mit den Damen war dem Landwirt, der 14.934 H\u00fchner auf dem Hof hat, ziemlich schnell klar, wer seine Favoritin ist. <\/p>\n<p><b>Und was ist mit Sohn Klaus? Walter: \u201eEr ist immer noch ein bisschen auf der Suche, aber ob er noch mal bei ,Bauer sucht Frau\u2018 mitmachen will, wei\u00df ich nicht.\u201c<\/b><\/p>\n","protected":false},"excerpt":{"rendered":"K\u00f6ln \u2013 Es geht wieder los! In der 21. Staffel von \u201eBauer sucht Frau\u201c hilft Inka Bause wieder&hellip;\n","protected":false},"author":2,"featured_media":530462,"comment_status":"","ping_status":"","sticky":false,"template":"","format":"standard","meta":{"footnotes":""},"categories":[1773],"tags":[6631,7531,29,214,30,3739,8321,127732,640,471,1780,45,215],"class_list":{"0":"post-530461","1":"post","2":"type-post","3":"status-publish","4":"format-standard","5":"has-post-thumbnail","7":"category-serien","8":"tag-bauer-sucht-frau","9":"tag-bause-inka","10":"tag-deutschland","11":"tag-entertainment","12":"tag-germany","13":"tag-landwirt","14":"tag-liebe","15":"tag-richter-nicole","16":"tag-rtl","17":"tag-serien","18":"tag-series","19":"tag-texttospeech","20":"tag-unterhaltung"},"share_on_mastodon":{"url":"https:\/\/pubeurope.com\/@de\/115446186449199095","error":""},"_links":{"self":[{"href":"https:\/\/www.europesays.com\/de\/wp-json\/wp\/v2\/posts\/530461","targetHints":{"allow":["GET"]}}],"collection":[{"href":"https:\/\/www.europesays.com\/de\/wp-json\/wp\/v2\/posts"}],"about":[{"href":"https:\/\/www.europesays.com\/de\/wp-json\/wp\/v2\/types\/post"}],"author":[{"embeddable":true,"href":"https:\/\/www.europesays.com\/de\/wp-json\/wp\/v2\/users\/2"}],"replies":[{"embeddable":true,"href":"https:\/\/www.europesays.com\/de\/wp-json\/wp\/v2\/comments?post=530461"}],"version-history":[{"count":0,"href":"https:\/\/www.europesays.com\/de\/wp-json\/wp\/v2\/posts\/530461\/revisions"}],"wp:featuredmedia":[{"embeddable":true,"href":"https:\/\/www.europesays.com\/de\/wp-json\/wp\/v2\/media\/530462"}],"wp:attachment":[{"href":"https:\/\/www.europesays.com\/de\/wp-json\/wp\/v2\/media?parent=530461"}],"wp:term":[{"taxonomy":"category","embeddable":true,"href":"https:\/\/www.europesays.com\/de\/wp-json\/wp\/v2\/categories?post=530461"},{"taxonomy":"post_tag","embeddable":true,"href":"https:\/\/www.europesays.com\/de\/wp-json\/wp\/v2\/tags?post=530461"}],"curies":[{"name":"wp","href":"https:\/\/api.w.org\/{rel}","templated":true}]}}