{"id":53047,"date":"2025-04-22T21:12:16","date_gmt":"2025-04-22T21:12:16","guid":{"rendered":"https:\/\/www.europesays.com\/de\/53047\/"},"modified":"2025-04-22T21:12:16","modified_gmt":"2025-04-22T21:12:16","slug":"prinz-william-reist-fuer-koenig-charles-iii-zur-beisetzung","status":"publish","type":"post","link":"https:\/\/www.europesays.com\/de\/53047\/","title":{"rendered":"Prinz William reist f\u00fcr K\u00f6nig Charles III. zur Beisetzung"},"content":{"rendered":"<p>Vertretung f\u00fcr K\u00f6nig Charles III. <\/p>\n<p>Prinz William reist zur Beisetzung des Papstes<\/p>\n<p>22.04.2025 &#8211; 18:03 UhrLesedauer: 2 Min.<\/p>\n<p><a href=\"#focus-0\" class=\"transition-colors duration-200 focus-within:text-magenta block text-current relative\" data-sctrack=\"FocusGalleryImage.Reference\"><img fetchpriority=\"high\" data-testid=\"Opener.Image\" style=\"--lqipURL:url('https:\/\/images.t-online.de\/2025\/04\/cUMSwFdCVQu4\/759x270:2985x1679\/fit-in\/150x0\/filters:blur(25)\/prinz-william-er-wird-zur-trauerfeier-fuer-den-papst-reisen.jpg')\"   loading=\"eager\" src=\"https:\/\/www.europesays.com\/de\/wp-content\/uploads\/2025\/04\/prinz-william-er-wird-zur-trauerfeier-fuer-den-papst-reisen.jpg\" alt=\"Prinz William: Er wird zur Trauerfeier f\u00fcr den Papst reisen.\" title=\"Prinz William: Er wird zur Trauerfeier f\u00fcr den Papst reisen.\" width=\"2985\" height=\"1679\" class=\"bg-[url:var(--lqipURL)] bg-cover bg-center flex w-full max-w-full h-full\" decoding=\"async\"\/><img style=\"--width:32;--height:32\" loading=\"lazy\" src=\"https:\/\/www.europesays.com\/de\/wp-content\/uploads\/2025\/03\/zoom-in.f7dae02f.svg.svg+xml\" alt=\"Vergr\u00f6\u00dfern des Bildes\" title=\"Vergr\u00f6\u00dfern des Bildes\" class=\"&#10;        block&#10;        h-[calc(var(--height)_\/_16_*_1rem)]&#10;        w-[calc(var(--width)_\/_16_*_1rem)]&#10;        max-w-none&#10;        absolute bottom-8 right-8 rounded-4 bg-snow p-8\" decoding=\"async\"\/><\/a><\/p>\n<p>Prinz William: Er wird zur Trauerfeier f\u00fcr den Papst reisen. (Quelle: IMAGO \/ Avalon.red)<\/p>\n<p class=\"font-bold text-18 leading-17\">Zur Beerdigung von Papst Franziskus am Samstag werden diverse Staatsoberh\u00e4upter und Regierungschefs erwartet. Aus England kommt statt des K\u00f6nigs sein Sohn.<\/p>\n<p class=\"text-18 leading-17\">Doch Charles und seine Frau, K\u00f6nigin Camilla, z\u00e4hlen zu den letzten Staatsg\u00e4sten, die Franziskus zu einer Audienz empfing. Der K\u00f6nig hatte Anfang des Monats gemeinsam mit der K\u00f6nigin eine offizielle Italienreise gemacht. W\u00e4hrend dieser hatten sie den Papst f\u00fcr ein privates Gespr\u00e4ch im Vatikan besucht.<\/p>\n<p class=\"text-18 leading-17\">Auf den Tod des Pontifex hat Charles entsprechend best\u00fcrzt reagiert. &#8222;Seine Heiligkeit wird in Erinnerung bleiben f\u00fcr sein Mitgef\u00fchl, sein Bem\u00fchen um die Einheit der Kirche und seinen unerm\u00fcdlichen Einsatz f\u00fcr gemeinsame Anliegen aller Gl\u00e4ubigen&#8220;, sagte Charles laut Mitteilung des Palastes am Ostermontag. &#8222;Durch sein Wirken und seine F\u00fcrsorge f\u00fcr Mensch und Erde hat er das Leben unz\u00e4hliger Menschen tief ber\u00fchrt.&#8220;<\/p>\n<p class=\"text-18 leading-17\">Auch erkl\u00e4rte er: &#8222;Die K\u00f6nigin und ich erinnern uns mit besonderer Herzlichkeit an unsere Begegnungen mit seiner Heiligkeit im Laufe der Jahre, und es hat uns tief bewegt, ihn Anfang dieses Monats noch einmal besuchen zu k\u00f6nnen.&#8220;<\/p>\n<p class=\"text-18 leading-17\">Wie britische Medien vermuten, k\u00f6nnte die Absage Charles&#8216; zur Beisetzung von Papst Franziskus mit seiner Krebserkrankung zu tun haben, wegen der er sich weiterhin in Behandlung befindet. Erst Ende M\u00e4rz hatte der 76-J\u00e4hrige Termine absagen m\u00fcssen, <a class=\"transition-colors duration-200 cursor-pointer text-inherit no-underline text-salemsfur md:hover:text-magenta md:hover:border-magenta md:focus:text-magenta border-current border-b border-solid break-words\" href=\"https:\/\/www.t-online.de\/unterhaltung\/royals\/id_100655450\/koenig-charles-iii-er-musste-ins-krankenhaus-gebracht-werden.html\" data-sctrack=\"BodyAnchor\" target=\"_blank\" rel=\"noopener\">weil er wegen Nebenwirkungen vor\u00fcbergehend in einer Klinik behandelt werden musste<\/a>. Der Palast hatte die Krebsdiagnose des Monarchen im Februar 2024 \u00f6ffentlich gemacht.<\/p>\n","protected":false},"excerpt":{"rendered":"Vertretung f\u00fcr K\u00f6nig Charles III. Prinz William reist zur Beisetzung des Papstes 22.04.2025 &#8211; 18:03 UhrLesedauer: 2 Min.&hellip;\n","protected":false},"author":2,"featured_media":53048,"comment_status":"","ping_status":"","sticky":false,"template":"","format":"standard","meta":{"footnotes":""},"categories":[1776],"tags":[25214,1801,1758,25215,29,3058,214,30,8203,47,2480,9758,1802,12461,215,13477],"class_list":{"0":"post-53047","1":"post","2":"type-post","3":"status-publish","4":"format-standard","5":"has-post-thumbnail","7":"category-prominente","8":"tag-beisetzung","9":"tag-celebrities","10":"tag-charles-iii","11":"tag-charles-iii-zur","12":"tag-deutschland","13":"tag-england","14":"tag-entertainment","15":"tag-germany","16":"tag-koenigin-camilla","17":"tag-messe","18":"tag-papst-franziskus","19":"tag-prinz-william","20":"tag-prominente","21":"tag-trauerfeier","22":"tag-unterhaltung","23":"tag-vatikan"},"share_on_mastodon":{"url":"https:\/\/pubeurope.com\/@de\/114383679890740188","error":""},"_links":{"self":[{"href":"https:\/\/www.europesays.com\/de\/wp-json\/wp\/v2\/posts\/53047","targetHints":{"allow":["GET"]}}],"collection":[{"href":"https:\/\/www.europesays.com\/de\/wp-json\/wp\/v2\/posts"}],"about":[{"href":"https:\/\/www.europesays.com\/de\/wp-json\/wp\/v2\/types\/post"}],"author":[{"embeddable":true,"href":"https:\/\/www.europesays.com\/de\/wp-json\/wp\/v2\/users\/2"}],"replies":[{"embeddable":true,"href":"https:\/\/www.europesays.com\/de\/wp-json\/wp\/v2\/comments?post=53047"}],"version-history":[{"count":0,"href":"https:\/\/www.europesays.com\/de\/wp-json\/wp\/v2\/posts\/53047\/revisions"}],"wp:featuredmedia":[{"embeddable":true,"href":"https:\/\/www.europesays.com\/de\/wp-json\/wp\/v2\/media\/53048"}],"wp:attachment":[{"href":"https:\/\/www.europesays.com\/de\/wp-json\/wp\/v2\/media?parent=53047"}],"wp:term":[{"taxonomy":"category","embeddable":true,"href":"https:\/\/www.europesays.com\/de\/wp-json\/wp\/v2\/categories?post=53047"},{"taxonomy":"post_tag","embeddable":true,"href":"https:\/\/www.europesays.com\/de\/wp-json\/wp\/v2\/tags?post=53047"}],"curies":[{"name":"wp","href":"https:\/\/api.w.org\/{rel}","templated":true}]}}