{"id":530474,"date":"2025-10-27T12:48:12","date_gmt":"2025-10-27T12:48:12","guid":{"rendered":"https:\/\/www.europesays.com\/de\/530474\/"},"modified":"2025-10-27T12:48:12","modified_gmt":"2025-10-27T12:48:12","slug":"knof-traf-sich-heimlich-mit-orcel-betriebsrat-sieht-verrat","status":"publish","type":"post","link":"https:\/\/www.europesays.com\/de\/530474\/","title":{"rendered":"Knof traf sich heimlich mit Orcel \u2013 Betriebsrat sieht &#8222;Verrat&#8220;"},"content":{"rendered":"<p> News<\/p>\n<p class=\"entry-meta\">   von Heinz-Roger Dohms, 27. Oktober 2025 <\/p>\n<p>Wer kennt solche Situationen nicht? Man ist der Chef einer gro\u00dfen deutschen Bank. Es ist das letzte Wochenende des Sommers, die Sonne scheint. Man sitzt in seinem H\u00e4uschen nahe des Starnberger Sees (in Frankfurt m\u00fcssen Bankchefs zum Gl\u00fcck ja immer erst Montagfr\u00fch erscheinen), wom\u00f6glich hat man gerade erst die H\u00fchner gef\u00fcttert. Und dann steht da pl\u00f6tzlich dieser silberscheitelige, haifischl\u00e4chelnde Mann in der T\u00fcr, den man irgendwoher kennt \u2013 aber woher noch mal genau???<\/p>\n<p>Ach ja!!! Ist das nicht Andrea Orcel, der Chef der Unicredit, die gerade meine eigene Bank \u00fcbernehmen will? Na klar, der ist es!<\/p>\n<p>Mensch! Signore, Sie? Hier? Bei mir? An einem Sonntag? Das ist aber eine nette \u00dcberraschung.<\/p>\n<p class=\"pw-abohinweis\">Sind Sie bereits Abonnent? Hier geht&#8217;s zum <a href=\"https:\/\/finanz-szene.de\/login\/?redirectUrl=https%3A%2F%2Ffinanz-szene.de%2Fbanking%2Fwie-andrea-orcel-im-september-2024-ploetzlich-vor-dem-haus-von-manfred-knof-stand%2F\" target=\"_blank\" rel=\"noopener\">Login!<\/a><\/p>\n<p>Weiterlesen mit dem Premium-Abo von Finanz-Szene<\/p>\n<p>Finanz-Szene ist das Nr.-1-Medium f\u00fcr Banken und Fintechs. Jetzt Premium-Abonnent werden und Zugang zu allen Inhalten sichern. Ab 9,99 Euro (f\u00fcr den 1. Monat).\u00a0<\/p>\n<p><a href=\"https:\/\/finanz-szene.de\/abo\/?return_url=https%3A%2F%2Ffinanz-szene.de%2Fbanking%2Fwie-andrea-orcel-im-september-2024-ploetzlich-vor-dem-haus-von-manfred-knof-stand%2F\" class=\"btn btn-fs\" target=\"_blank\" rel=\"noopener\">Alle Premium-Optionen auf einen Blick<\/a><\/p>\n<ul>\n<li>Erhalten Sie 5x pro Woche unseren preisgekr\u00f6nten Premium-Newsletter<\/li>\n<li>Sichern Sie sich vollen Zugriff auf s\u00e4mtliche Scoops, News, Analysen und sonstigen Inhalte auf Finanz-Szene.<\/li>\n<li>Lesen Sie, was die Top-Entscheider in der deutschen Finanz-Szene lesen<\/li>\n<\/ul>\n<p>Rechtehinweis<\/p>\n<p> Die Artikel von Finanz-Szene sind urheberrechtlich gesch\u00fctzt und nur f\u00fcr den jeweiligen Premium-Abonnenten pers\u00f6nlich bestimmt. Die Weitergabe \u2013 auch an Kollegen \u2013 ist nicht gestattet. Wie Sie Inhalte rechtssicher teilen k\u00f6nnen (z.B. via Pressespiegel), <a href=\"https:\/\/finanz-szene.de\/allgemeine-geschaeftsbedingungen\/\" target=\"_blank\" rel=\"noopener\">erfahren Sie hier<\/a>.<\/p>\n<p>Danke f\u00fcr Ihr Verst\u00e4ndnis. Durch Ihr Abonnement sichern Sie ein St\u00fcck Journalismus!<\/p>\n","protected":false},"excerpt":{"rendered":"News von Heinz-Roger Dohms, 27. Oktober 2025 Wer kennt solche Situationen nicht? Man ist der Chef einer gro\u00dfen&hellip;\n","protected":false},"author":2,"featured_media":530475,"comment_status":"","ping_status":"","sticky":false,"template":"","format":"standard","meta":{"footnotes":""},"categories":[134],"tags":[175,170,169,29,30,171,174,173,172],"class_list":{"0":"post-530474","1":"post","2":"type-post","3":"status-publish","4":"format-standard","5":"has-post-thumbnail","7":"category-unternehmen-maerkte","8":"tag-business","9":"tag-companies","10":"tag-companies-markets","11":"tag-deutschland","12":"tag-germany","13":"tag-markets","14":"tag-maerkte","15":"tag-unternehmen","16":"tag-unternehmen-maerkte"},"share_on_mastodon":{"url":"https:\/\/pubeurope.com\/@de\/115446212390522424","error":""},"_links":{"self":[{"href":"https:\/\/www.europesays.com\/de\/wp-json\/wp\/v2\/posts\/530474","targetHints":{"allow":["GET"]}}],"collection":[{"href":"https:\/\/www.europesays.com\/de\/wp-json\/wp\/v2\/posts"}],"about":[{"href":"https:\/\/www.europesays.com\/de\/wp-json\/wp\/v2\/types\/post"}],"author":[{"embeddable":true,"href":"https:\/\/www.europesays.com\/de\/wp-json\/wp\/v2\/users\/2"}],"replies":[{"embeddable":true,"href":"https:\/\/www.europesays.com\/de\/wp-json\/wp\/v2\/comments?post=530474"}],"version-history":[{"count":0,"href":"https:\/\/www.europesays.com\/de\/wp-json\/wp\/v2\/posts\/530474\/revisions"}],"wp:featuredmedia":[{"embeddable":true,"href":"https:\/\/www.europesays.com\/de\/wp-json\/wp\/v2\/media\/530475"}],"wp:attachment":[{"href":"https:\/\/www.europesays.com\/de\/wp-json\/wp\/v2\/media?parent=530474"}],"wp:term":[{"taxonomy":"category","embeddable":true,"href":"https:\/\/www.europesays.com\/de\/wp-json\/wp\/v2\/categories?post=530474"},{"taxonomy":"post_tag","embeddable":true,"href":"https:\/\/www.europesays.com\/de\/wp-json\/wp\/v2\/tags?post=530474"}],"curies":[{"name":"wp","href":"https:\/\/api.w.org\/{rel}","templated":true}]}}