{"id":530476,"date":"2025-10-27T12:49:12","date_gmt":"2025-10-27T12:49:12","guid":{"rendered":"https:\/\/www.europesays.com\/de\/530476\/"},"modified":"2025-10-27T12:49:12","modified_gmt":"2025-10-27T12:49:12","slug":"es-waere-nicht-richtig-trump-will-nicht-als-vizepraesident-fuer-2028-kandidieren","status":"publish","type":"post","link":"https:\/\/www.europesays.com\/de\/530476\/","title":{"rendered":"&#8222;Es w\u00e4re nicht richtig&#8220;: Trump will nicht als Vizepr\u00e4sident f\u00fcr 2028 kandidieren"},"content":{"rendered":"<p>                    &#8222;Es w\u00e4re nicht richtig&#8220;<br \/>\n                Trump will nicht als Vizepr\u00e4sident f\u00fcr 2028 kandidieren<\/p>\n<p>\t\t\t\t              27.10.2025, 13:17 Uhr<\/p>\n<p>\t\t\t\t\t       Artikel anh\u00f6ren<\/p>\n<p>\t\t\t\t\t\t\tDiese Audioversion wurde k\u00fcnstlich generiert. <a href=\"https:\/\/www.n-tv.de\/23249898\" target=\"_blank\" rel=\"noopener\">Mehr Infos<\/a><\/p>\n<p><strong>Donald Trumps Amtszeit endet 2029. MAGA-Fans w\u00fcrden ihn jedoch gern dar\u00fcber hinaus im Amt sehen, behauptet er. Sein Ex-Berater Steve Bannon machte k\u00fcrzlich Andeutungen f\u00fcr eine dritte Amtszeit. Zur Idee, Trump k\u00f6nnte als Vize ins Wei\u00dfe Haus einziehen, \u00e4u\u00dfert der sich \u00fcberraschend ablehnend.<\/strong><\/p>\n<p>US-Pr\u00e4sident Donald Trump will seine Zeit im Wei\u00dfen Haus nach eigenen Angaben nicht durch eine Kandidatur als Vizepr\u00e4sident bei der Wahl 2028 verl\u00e4ngern. Auf eine entsprechende Journalistenfrage antwortete Trump an Bord seiner Pr\u00e4sidentenmaschine Air Force One, dass ihm eine solche Kandidatur durchaus erlaubt sei. Gleichzeitig f\u00fcgte er hinzu: &#8222;Ich w\u00fcrde es nicht tun &#8230; Es w\u00e4re nicht richtig.&#8220;<\/p>\n<p>Trump ist derzeit in seiner zweiten Amtszeit als Pr\u00e4sident der Vereinigten Staaten, mehr sind ihm laut Verfassung nicht erlaubt. Der Rechtspopulist weist oft darauf hin, dass ihn viele seiner Anh\u00e4nger gern l\u00e4nger im Amt s\u00e4hen. Unl\u00e4ngst positionierte der 79-J\u00e4hrige Schirmm\u00fctzen mit dem Slogan &#8222;Trump 2028&#8220; auf einem Tisch im Oval Office.<\/p>\n<p>Eine beliebte Theorie unter Trumps Anh\u00e4ngern ist, dass sein derzeitiger Vize JD Vance bei der n\u00e4chsten Pr\u00e4sidentschaftswahl im November 2028 mit Trump als Vizepr\u00e4sidentschaftskandidaten antreten k\u00f6nnte. Nach einem m\u00f6glichen Sieg k\u00f6nnte Vance demnach schnell zur\u00fccktreten und Trump w\u00e4re wieder im Pr\u00e4sidentenamt. Allerdings darf laut US-Verfassung als Vizepr\u00e4sident nur kandidieren, wer auch als Pr\u00e4sident kandidieren darf &#8211; auf Trump trifft das nicht zu. <\/p>\n<p>Die Theorie hatte vor wenigen Tagen durch ein Interview von Steve Bannon neuen Schwung gewonnen, Trumps fr\u00fcherem Berater und einem der wichtigsten Ideologen seiner &#8222;Make America Great Again&#8220;-Bewegung. &#8222;Er wird eine dritte Amtszeit bekommen &#8211; Trump wird 2028 Pr\u00e4sident sein. Und die Leute sollten sich damit abfinden&#8220;, sagte Bannon dem &#8222;Economist&#8220;. Auf den Hinweis auf die Amtszeitenbeschr\u00e4nkung f\u00fcr US-Pr\u00e4sidenten reagierte er mit der Aussage: &#8222;Es gibt viele verschiedene Alternativen. Zu gegebener Zeit werden wir den Plan darlegen.&#8220;<\/p>\n<p>Trump \u00e4u\u00dferte sich in seiner Pr\u00e4sidentenmaschine auf dem Weg nach Japan, wo er an diesem Montag zu einem dreit\u00e4gigen Besuch eintrifft. Am Donnerstag wird er am Rande des Gipfels der Asiatisch-Pazifischen Wirtschaftsgemeinschaft (Apec) erstmals seit seinem Wiedereinzug ins Wei\u00dfe Haus mit Chinas Pr\u00e4sidenten Xi Jinping zusammentreffen.<\/p>\n","protected":false},"excerpt":{"rendered":"&#8222;Es w\u00e4re nicht richtig&#8220; Trump will nicht als Vizepr\u00e4sident f\u00fcr 2028 kandidieren 27.10.2025, 13:17 Uhr Artikel anh\u00f6ren Diese&hellip;\n","protected":false},"author":2,"featured_media":530477,"comment_status":"","ping_status":"","sticky":false,"template":"","format":"standard","meta":{"footnotes":""},"categories":[3],"tags":[106,13,14,15,16,12,25897,10,8,9,11,64,4672,103,104],"class_list":{"0":"post-530476","1":"post","2":"type-post","3":"status-publish","4":"format-standard","5":"has-post-thumbnail","7":"category-welt","8":"tag-donald-trump","9":"tag-headlines","10":"tag-nachrichten","11":"tag-news","12":"tag-politik","13":"tag-schlagzeilen","14":"tag-stephen-bannon","15":"tag-top-news","16":"tag-top-meldungen","17":"tag-topmeldungen","18":"tag-topnews","19":"tag-usa","20":"tag-wahlen","21":"tag-welt","22":"tag-world"},"share_on_mastodon":{"url":"","error":""},"_links":{"self":[{"href":"https:\/\/www.europesays.com\/de\/wp-json\/wp\/v2\/posts\/530476","targetHints":{"allow":["GET"]}}],"collection":[{"href":"https:\/\/www.europesays.com\/de\/wp-json\/wp\/v2\/posts"}],"about":[{"href":"https:\/\/www.europesays.com\/de\/wp-json\/wp\/v2\/types\/post"}],"author":[{"embeddable":true,"href":"https:\/\/www.europesays.com\/de\/wp-json\/wp\/v2\/users\/2"}],"replies":[{"embeddable":true,"href":"https:\/\/www.europesays.com\/de\/wp-json\/wp\/v2\/comments?post=530476"}],"version-history":[{"count":0,"href":"https:\/\/www.europesays.com\/de\/wp-json\/wp\/v2\/posts\/530476\/revisions"}],"wp:featuredmedia":[{"embeddable":true,"href":"https:\/\/www.europesays.com\/de\/wp-json\/wp\/v2\/media\/530477"}],"wp:attachment":[{"href":"https:\/\/www.europesays.com\/de\/wp-json\/wp\/v2\/media?parent=530476"}],"wp:term":[{"taxonomy":"category","embeddable":true,"href":"https:\/\/www.europesays.com\/de\/wp-json\/wp\/v2\/categories?post=530476"},{"taxonomy":"post_tag","embeddable":true,"href":"https:\/\/www.europesays.com\/de\/wp-json\/wp\/v2\/tags?post=530476"}],"curies":[{"name":"wp","href":"https:\/\/api.w.org\/{rel}","templated":true}]}}