{"id":530478,"date":"2025-10-27T12:50:16","date_gmt":"2025-10-27T12:50:16","guid":{"rendered":"https:\/\/www.europesays.com\/de\/530478\/"},"modified":"2025-10-27T12:50:16","modified_gmt":"2025-10-27T12:50:16","slug":"nord-stream-gericht-erlaubt-auslieferung-von-moeglichem-nord-stream-saboteur","status":"publish","type":"post","link":"https:\/\/www.europesays.com\/de\/530478\/","title":{"rendered":"Nord Stream: Gericht erlaubt Auslieferung von m\u00f6glichem Nord-Stream-Saboteur"},"content":{"rendered":"<p>\n                        Ein italienisches Gericht gestattet die Auslieferung eines Tatverd\u00e4chtigen im Anschlag auf die Nord-Stream-Pipelines. Der Ukrainer darf nach Deutschland gebracht werden.\n                    <\/p>\n<p>            Schlie\u00dfen<\/p>\n<p>            Ver\u00f6ffentlicht am<br \/>\n                <\/p>\n<p>        Ihr Browser unterst\u00fctzt die Wiedergabe von Audio Dateien nicht. Download der Datei als mp3: https:\/\/zon-speechbert-production.s3.eu-central-1.amazonaws.com\/articles\/1ef39eb4-78b5-4aee-804f-ee029b30c9dc\/full_dce0b724d544325402c444fc0810ae82fae2cb9cf08cce77bd753fc8b233cc45785ae6162c5c0da3172a087bf4dd8443.mp3    <\/p>\n<p>                    2 Min.<\/p>\n<p>            -1:36<\/p>\n<p>            0.5x<br \/>\n            0.75x<br \/>\n            1.0x<br \/>\n            1.25x<br \/>\n            1.5x<br \/>\n            2.0x<\/p>\n<p>        <a class=\"z-text-button\" href=\"#comments\" title=\"Kommentare anzeigen\" data-ct-row=\"comments\" data-ct-column=\"false\"><\/p>\n<p>            139 Kommentare<br \/>\n        <\/a><br \/>\n    Zusammenfassen<\/p>\n<p>                Schlie\u00dfen<br \/>\n                Artikelzusammenfassung<\/p>\n<p>Italienisches Gericht stimmt Auslieferung eines mutma\u00dflichen Nord-Stream-Saboteurs zu, Anwalt plant Revision vor Kassationsgerichtshof. Ukrainer sitzt seit August in Hochsicherheitsgef\u00e4ngnis in Italien, Bundesanwaltschaft wirft ihm Anschl\u00e4ge auf Gaspipelines vor. Explosionen vor drei Jahren f\u00fchrten zu schweren Sch\u00e4den, Deutschland fordert Prozessf\u00fchrung. Fall sorgt international f\u00fcr Aufsehen, Drahtzieher der Anschl\u00e4ge noch nicht vor Gericht gestellt. Situation bleibt spannend, Entscheidung des obersten Gerichts in Rom steht noch aus.<\/p>\n<p>                Diese Zusammenfassung wurde mithilfe von K\u00fcnstlicher Intelligenz erstellt. Vereinzelt kann es dabei zu Fehlern kommen.<\/p>\n<p class=\"summy__feedback-paragraph\">Fanden Sie die Zusammenfassung hilfreich? <\/p>\n<p>                        Gef\u00e4llt mir<\/p>\n<p>                        Gef\u00e4llt mir<\/p>\n<p>                        Gef\u00e4llt mir nicht<\/p>\n<p>                        Gef\u00e4llt mir nicht<\/p>\n<p>                        Send<\/p>\n<p>        Diese Audioversion wurde k\u00fcnstlich erzeugt.<\/p>\n<p>                        Schlie\u00dfen<br \/>\n                        Die Audioversion dieses Artikels wurde k\u00fcnstlich erzeugt.<br \/>\n                        Wir entwickeln dieses Angebot stetig weiter und freuen uns \u00fcber <a href=\"https:\/\/www.zeit.de\/politik\/ausland\/2025-10\/mailto:audiofeedback@zeit.de?subject=Feedback%20TTS\" rel=\"nofollow noopener\" target=\"_blank\">Ihr Feedback<\/a>.<\/p>\n<p>            <img decoding=\"async\" class=\"article__media-item\" src=\"https:\/\/www.europesays.com\/de\/wp-content\/uploads\/2025\/10\/1761569416_818_wide__1000x562.jpeg\" alt=\"Nord Stream: Das Nord-Stream-1-Gasleck in der Ostsee. Vor drei Jahren kam es zu einem Anschlag auf die Pipelines.\"\/><\/p>\n<p>                    Das Nord-Stream-1-Gasleck in der Ostsee. Vor drei Jahren kam es zu einem Anschlag auf die Pipelines.<br \/>\n            \u00a9\u00a0Anadolu\/\u200bdpa<\/p>\n<p class=\"paragraph article__item\">Im juristischen Streit um die Auslieferung eines mutma\u00dflichen <a href=\"https:\/\/www.zeit.de\/politik\/2023-09\/nord-stream-sprengung-ermittlung-zeit-ard-sz\" class=\"\" target=\"_blank\" rel=\"nofollow noopener\">Nord-Stream-Saboteurs<\/a> an Deutschland hat ein italienisches Gericht seine Zustimmung erteilt. Das teilte der Anwalt des beschuldigten Ukrainers mit.\u00a0\n<\/p>\n<p class=\"paragraph article__item\">Der Fall wird aller Voraussicht nach noch einmal vor Italiens oberstem Gericht landen. Rechtsanwalt Nicola Canestrini k\u00fcndigte nach der Entscheidung des Gerichts in Bologna an, Revision vor dem Kassationsgerichtshof in Rom einzulegen.\n<\/p>\n<p>                        Mutma\u00dflicher Drahtzieher sitzt in Hochsicherheitsgef\u00e4ngnis        <\/p>\n<p class=\"paragraph article__item\">Der Beschuldigte wurde im August <a href=\"https:\/\/www.zeit.de\/politik\/deutschland\/2025-10\/gericht-italien-nord-stream-anschlag\" class=\"\" target=\"_blank\" rel=\"nofollow noopener\">in Italien festgenommen<\/a> und soll an den Anschl\u00e4gen auf die Gaspipelines in der Ostsee vor drei Jahren beteiligt gewesen sein. Er gilt als einer der mutma\u00dflichen Drahtzieher der Anschl\u00e4ge im September 2022. Seit seiner Festnahme sitzt der Ukrainer in einem norditalienischen Hochsicherheitsgef\u00e4ngnis.\n<\/p>\n<p class=\"paragraph article__item\">Die Bundesanwaltschaft wirft ihm <a href=\"https:\/\/www.zeit.de\/gesellschaft\/zeitgeschehen\/2025-08\/nord-stream-anschlag-festnahme-urlaub-serhij-k-ukrainer\" class=\"\" target=\"_blank\" rel=\"nofollow noopener\">gemeinschaftliches Herbeif\u00fchren einer Sprengstoffexplosion<\/a>\u00a0an den Pipelines und verfassungsfeindliche Sabotage vor. Aus diesem Grund soll er in Deutschland vor Gericht gestellt werden, weshalb die Bundesanwaltschaft seine Auslieferung beantragte.\n<\/p>\n<p class=\"paragraph article__item\">Bei dem Anschlag waren die <a href=\"https:\/\/www.zeit.de\/2025\/20\/nord-stream-2-ostsee-pipeline-russisches-gas-europa\" class=\"\" target=\"_blank\" rel=\"nofollow noopener\">Pipelines<\/a> so stark besch\u00e4digt worden, dass kein Gas mehr durch sie flie\u00dfen konnte. Die Explosionen wurden in der N\u00e4he der d\u00e4nischen Insel Bornholm registriert und sorgten weltweit f\u00fcr Aufsehen.\n<\/p>\n<p>Mehr zum Thema<\/p>\n<p>                <a href=\"https:\/\/www.zeit.de\/2025\/37\/anschlag-nord-stream-pipelines-aufklaerung-festnahme-ukraine\" data-ct-label=\"Anschlag auf Nord-Stream-Pipelines: Sprengstoff f\u00fcr das Verh\u00e4ltnis zur Ukraine\" rel=\"nofollow noopener\" target=\"_blank\"><\/p>\n<p>        Z+ (abopflichtiger Inhalt);<\/p>\n<p>    Anschlag auf Nord-Stream-Pipelines:<br \/>\n                        Sprengstoff f\u00fcr das Verh\u00e4ltnis zur Ukraine<\/p>\n<p>                <\/a><\/p>\n<p>                <a href=\"https:\/\/www.zeit.de\/wirtschaft\/2025-03\/matthias-warnig-nord-stream-2-kein-betrieb\" data-ct-label=\"Ostsee-Pipeline: Matthias Warnig bestreitet, Nord Stream 2 wiederaufbauen zu wollen\" rel=\"nofollow noopener\" target=\"_blank\"><\/p>\n<p>        Z+ (abopflichtiger Inhalt);<\/p>\n<p>    Ostsee-Pipeline:<br \/>\n                        Matthias Warnig bestreitet, Nord Stream 2 wiederaufbauen zu wollen<\/p>\n<p>                <\/a><\/p>\n<p>                <a href=\"https:\/\/www.zeit.de\/2025\/20\/nord-stream-2-ostsee-pipeline-russisches-gas-europa\" data-ct-label=\"Nord Stream 2: Sie ist wieder da\" rel=\"nofollow noopener\" target=\"_blank\"><\/p>\n<p>        Z+ (abopflichtiger Inhalt);<\/p>\n<p>    Nord Stream 2:<br \/>\n                        Sie ist wieder da<\/p>\n<p>                <\/a><\/p>\n","protected":false},"excerpt":{"rendered":"Ein italienisches Gericht gestattet die Auslieferung eines Tatverd\u00e4chtigen im Anschlag auf die Nord-Stream-Pipelines. Der Ukrainer darf nach Deutschland&hellip;\n","protected":false},"author":2,"featured_media":530479,"comment_status":"","ping_status":"","sticky":false,"template":"","format":"standard","meta":{"footnotes":""},"categories":[2],"tags":[20326,29,3647,2690,30,13,355,14,15,49882,50242,26734,16,12,10,8,9,11],"class_list":{"0":"post-530478","1":"post","2":"type-post","3":"status-publish","4":"format-standard","5":"has-post-thumbnail","7":"category-deutschland","8":"tag-bundesrepublik-deutschland","9":"tag-deutschland","10":"tag-gefaengnis","11":"tag-gericht","12":"tag-germany","13":"tag-headlines","14":"tag-italien","15":"tag-nachrichten","16":"tag-news","17":"tag-nord-stream","18":"tag-nord-stream-2","19":"tag-pipeline","20":"tag-politik","21":"tag-schlagzeilen","22":"tag-top-news","23":"tag-top-meldungen","24":"tag-topmeldungen","25":"tag-topnews"},"share_on_mastodon":{"url":"https:\/\/pubeurope.com\/@de\/115446221269770308","error":""},"_links":{"self":[{"href":"https:\/\/www.europesays.com\/de\/wp-json\/wp\/v2\/posts\/530478","targetHints":{"allow":["GET"]}}],"collection":[{"href":"https:\/\/www.europesays.com\/de\/wp-json\/wp\/v2\/posts"}],"about":[{"href":"https:\/\/www.europesays.com\/de\/wp-json\/wp\/v2\/types\/post"}],"author":[{"embeddable":true,"href":"https:\/\/www.europesays.com\/de\/wp-json\/wp\/v2\/users\/2"}],"replies":[{"embeddable":true,"href":"https:\/\/www.europesays.com\/de\/wp-json\/wp\/v2\/comments?post=530478"}],"version-history":[{"count":0,"href":"https:\/\/www.europesays.com\/de\/wp-json\/wp\/v2\/posts\/530478\/revisions"}],"wp:featuredmedia":[{"embeddable":true,"href":"https:\/\/www.europesays.com\/de\/wp-json\/wp\/v2\/media\/530479"}],"wp:attachment":[{"href":"https:\/\/www.europesays.com\/de\/wp-json\/wp\/v2\/media?parent=530478"}],"wp:term":[{"taxonomy":"category","embeddable":true,"href":"https:\/\/www.europesays.com\/de\/wp-json\/wp\/v2\/categories?post=530478"},{"taxonomy":"post_tag","embeddable":true,"href":"https:\/\/www.europesays.com\/de\/wp-json\/wp\/v2\/tags?post=530478"}],"curies":[{"name":"wp","href":"https:\/\/api.w.org\/{rel}","templated":true}]}}