{"id":530506,"date":"2025-10-27T13:04:12","date_gmt":"2025-10-27T13:04:12","guid":{"rendered":"https:\/\/www.europesays.com\/de\/530506\/"},"modified":"2025-10-27T13:04:12","modified_gmt":"2025-10-27T13:04:12","slug":"laer-signal-fuer-firmen-radio-rst","status":"publish","type":"post","link":"https:\/\/www.europesays.com\/de\/530506\/","title":{"rendered":"Laer: Signal f\u00fcr Firmen &#8211; Radio RST"},"content":{"rendered":"<p>Die Gemeinde Laer setzt ein klares Zeichen: W\u00e4hrend viele St\u00e4dte und Gemeinden im M\u00fcnsterland und Westfalen-Lippe die Gewerbesteuer erh\u00f6hen, senkt Laer den Hebesatz um 84 Punkte \u2013 von 523 auf 439 Prozent. B\u00fcrgermeister Manfred Kluthe erkl\u00e4rt die Entscheidung:<\/p>\n<blockquote><p>\u201eWir wollen nat\u00fcrlich die Wirtschaft unterst\u00fctzen. In dieser schwierigen Lage ist das ganz wichtig, wird mir viel zu wenig dr\u00fcber geredet im Land. Wir haben&#8217;s jetzt getan, wir waren lange Zeit der rote Fleck im M\u00fcnsterland und haben jetzt die Trendwende geschafft. Wir sind jetzt g\u00fcnstiger als Aachen, Dortmund, M\u00fcnster, Bielefeld \u2013 so als Beispielst\u00e4dte \u2013 und hoffen auf viele neue Ansiedlungen.\u201c<\/p><\/blockquote>\n<p>Nach Jahren der Haushaltssicherung und striktem Sparen hat Laer die finanzielle Wende geschafft. Die Gemeinde konnte ihre Eigenkapitalquote erh\u00f6hen, F\u00f6rdergelder einwerben und sieben Hektar neue Gewerbefl\u00e4che ausweisen. Kluthe ist \u00fcberzeugt:<\/p>\n<blockquote><p>\u201eWenn wir in Laer das schaffen, dann geht das woanders auch.\u201c<\/p><\/blockquote>\n<p>Unternehmen profitieren von der Steuer-Senkung<\/p>\n<p>Die Entscheidung kommt bei den ans\u00e4ssigen Unternehmen gut an. Michael Frenzel vom Fleischgro\u00dfh\u00e4ndler Lengers, der seit fast 80 Jahren in Laer ans\u00e4ssig ist, sieht die Senkung des Hebesatzes als wichtigen Schritt:<\/p>\n<blockquote><p>\u201eDie Absenkung des Hebesatzes um 80 Punkte ist erstmal positiv zu bewerten. Die dadurch geringeren Aufwendungen an Steuern k\u00f6nnen wir als Unternehmen sehr, sehr gut nutzen, um zu reinvestieren ins Unternehmen \u2013 und das ist sehr gut.\u201c<\/p><\/blockquote>\n<p>Frenzel ist dem Standort auch in schweren Zeiten treu geblieben, obwohl es Angebote aus anderen Orten gab &#8211; auch wegen der zentralen Lage, wie er sagt. Jetzt f\u00fchlt er sich best\u00e4tigt und hofft, dass die Rahmenbedingungen auch so bleiben:<\/p>\n<blockquote><p>\u201eVon der Politik w\u00fcnsche ich mir die Weitsicht f\u00fcr Gewerbe und vor allen Dingen die Einsicht, dass nur Gewerbe in einer Gemeinde Steuereinnahmen in die Gemeindekasse sp\u00fclt und die Gemeinde durch Gewerbe lebt.\u201c<\/p><\/blockquote>\n<p>Die Industrie- und Handelskammer M\u00fcnster lobt Laer als positives Beispiel f\u00fcr die Region. Der Wirtschaftsatlas der IHK Nord Westfalen zeigt: Mit einem Hebesatz von 439 Prozent geh\u00f6rt Laer nun zu den wirtschaftsfreundlichsten Gemeinden der Region. Ein starkes Signal f\u00fcr Unternehmen auf der Suche nach einem neuen Standort.<\/p>\n","protected":false},"excerpt":{"rendered":"Die Gemeinde Laer setzt ein klares Zeichen: W\u00e4hrend viele St\u00e4dte und Gemeinden im M\u00fcnsterland und Westfalen-Lippe die Gewerbesteuer&hellip;\n","protected":false},"author":2,"featured_media":530507,"comment_status":"","ping_status":"","sticky":false,"template":"","format":"standard","meta":{"footnotes":""},"categories":[1843],"tags":[130422,33376,130420,130421,130419,130418,130423,3364,29,30,8970,1209],"class_list":{"0":"post-530506","1":"post","2":"type-post","3":"status-publish","4":"format-standard","5":"has-post-thumbnail","7":"category-muenster","8":"tag-eigenkapitalquote-erhht","9":"tag-frdergeld","10":"tag-finanzielle-trendwende-geschafft","11":"tag-haushaltssicherung-beendet","12":"tag-laer-senkt-gewerbesteuersatz-um-84-punkte","13":"tag-laer-gewerbesteuer-senkung-als-signal-fr-unternehmen","14":"tag-sieben-hektar-neue-gewerbeflche","15":"tag-de","16":"tag-deutschland","17":"tag-germany","18":"tag-muenster","19":"tag-nordrhein-westfalen"},"share_on_mastodon":{"url":"https:\/\/pubeurope.com\/@de\/115446275481310365","error":""},"_links":{"self":[{"href":"https:\/\/www.europesays.com\/de\/wp-json\/wp\/v2\/posts\/530506","targetHints":{"allow":["GET"]}}],"collection":[{"href":"https:\/\/www.europesays.com\/de\/wp-json\/wp\/v2\/posts"}],"about":[{"href":"https:\/\/www.europesays.com\/de\/wp-json\/wp\/v2\/types\/post"}],"author":[{"embeddable":true,"href":"https:\/\/www.europesays.com\/de\/wp-json\/wp\/v2\/users\/2"}],"replies":[{"embeddable":true,"href":"https:\/\/www.europesays.com\/de\/wp-json\/wp\/v2\/comments?post=530506"}],"version-history":[{"count":0,"href":"https:\/\/www.europesays.com\/de\/wp-json\/wp\/v2\/posts\/530506\/revisions"}],"wp:featuredmedia":[{"embeddable":true,"href":"https:\/\/www.europesays.com\/de\/wp-json\/wp\/v2\/media\/530507"}],"wp:attachment":[{"href":"https:\/\/www.europesays.com\/de\/wp-json\/wp\/v2\/media?parent=530506"}],"wp:term":[{"taxonomy":"category","embeddable":true,"href":"https:\/\/www.europesays.com\/de\/wp-json\/wp\/v2\/categories?post=530506"},{"taxonomy":"post_tag","embeddable":true,"href":"https:\/\/www.europesays.com\/de\/wp-json\/wp\/v2\/tags?post=530506"}],"curies":[{"name":"wp","href":"https:\/\/api.w.org\/{rel}","templated":true}]}}