{"id":53051,"date":"2025-04-22T21:14:24","date_gmt":"2025-04-22T21:14:24","guid":{"rendered":"https:\/\/www.europesays.com\/de\/53051\/"},"modified":"2025-04-22T21:14:24","modified_gmt":"2025-04-22T21:14:24","slug":"emmering-erster-schritt-in-die-welt-der-buecher-fuerstenfeldbruck","status":"publish","type":"post","link":"https:\/\/www.europesays.com\/de\/53051\/","title":{"rendered":"Emmering: Erster Schritt in die Welt der B\u00fccher &#8211; F\u00fcrstenfeldbruck"},"content":{"rendered":"<p data-manual=\"paragraph\" data-schema-org-speakable=\"true\" class=\"css-1vtjhd\">Eine g\u00e4ngige Smalltalk-Frage ist ja die nach dem einen Buch, das jeder gelesen haben sollte. Denn dazu kann jeder dann etwas Kluges sagen und je nach Geschmack seinen Lieblingsklassiker (auch wenn er ihn nicht gelesen hat, aber gebildet wirken will) auspacken: \u201e1984\u201c, \u201eDie unendliche Geschichte\u201c, \u201eDer Steppenwolf\u201c, \u201eFaust\u201c, \u201eHarry Potter\u201c, \u201eDie Verwandlung\u201c &#8211; das Spektrum ist gro\u00df. Und so hat jede Antwort ihren Charme und verr\u00e4t vor allem etwas \u00fcber das Gegen\u00fcber &#8211; und geht doch am Ziel vorbei. Denn wie w\u00e4re es mit der Antwort: \u201eJeder sollte das Buch gelesen haben, das ihn f\u00fcrs Lesen begeistert.\u201c Denn nur, wer beim ersten Kontakt mit Literatur Freude und Begeisterung erlebt, landet irgendwann vielleicht auch bei dem, was sich als \u201eMust-Read\u201c verstehen l\u00e4sst. Genau diese Freude am Lesen wollen nun auch die Johanniter zum Welttag des Buches am 23. April wecken &#8211; mit einer Vorleseaktion in ihrem Kindergarten in <a href=\"https:\/\/www.sueddeutsche.de\/thema\/Emmering\" target=\"_blank\" rel=\"noopener\">Emmering<\/a>.<\/p>\n<p data-manual=\"paragraph\" data-schema-org-speakable=\"true\" class=\"css-1vtjhd\">\u201eKinder brauchen B\u00fccher \u2013 nicht nur, um lesen zu lernen, sondern um Welten zu entdecken, Sprachkompetenz aufzubauen und Selbstvertrauen zu entwickeln\u201c, so dr\u00fcckt Barbara Ottmann, Sachgebietsleitung Kindertagesst\u00e4tten der Johanniter <a href=\"https:\/\/www.sueddeutsche.de\/thema\/Oberbayern\" target=\"_blank\" rel=\"noopener\">Oberbayern<\/a>, das Ziel des Aktionstages aus. F\u00fcr den Termin in Emmering haben die Johanniter sogar einen ganz besonderen Vorleser gewonnen: B\u00fcrgermeister Stefan Floerecke pers\u00f6nlich. Unterst\u00fctzt wird er au\u00dferdem von der \u201eLeseratte\u201c, dem Maskottchen des Sprachf\u00f6rderprojekts. M\u00f6glich werde dieses deshalb, weil engagierte Verlage es durch B\u00fccherspenden unterst\u00fctzten, hei\u00dft in einer Mitteilung der Johanniter. Neben Droemer Knaur und dem M\u00fcnchner M\u00e4rchenwald Verlag geh\u00f6rt auch der Puchheimer Hauschka Verlag zu diesen Unterst\u00fctzern.<\/p>\n<p data-manual=\"paragraph\" data-schema-org-speakable=\"true\" class=\"css-1vtjhd\">\u201eViele Kinder wachsen in Haushalten auf, in denen B\u00fccher kaum eine Rolle spielen\u201c, sagt Barbara Ottmann. \u201eGerade deshalb ist es unsere Aufgabe, den Zugang zur Welt der B\u00fccher zu erm\u00f6glichen \u2013 unabh\u00e4ngig vom sozialen Hintergrund.\u201c Und wer wei\u00df, vielleicht hat das ein oder andere Kind am Ende des Tages ja sein erstes Buch gefunden, das es seinen Freunden als etwas empfehlen wird, das sie unbedingt gelesen haben sollten.<\/p>\n","protected":false},"excerpt":{"rendered":"Eine g\u00e4ngige Smalltalk-Frage ist ja die nach dem einen Buch, das jeder gelesen haben sollte. Denn dazu kann&hellip;\n","protected":false},"author":2,"featured_media":53052,"comment_status":"","ping_status":"","sticky":false,"template":"","format":"standard","meta":{"footnotes":""},"categories":[1774],"tags":[1784,1785,29,25218,214,25219,30,25217,2339,149,215],"class_list":{"0":"post-53051","1":"post","2":"type-post","3":"status-publish","4":"format-standard","5":"has-post-thumbnail","7":"category-buecher","8":"tag-books","9":"tag-buecher","10":"tag-deutschland","11":"tag-emmering","12":"tag-entertainment","13":"tag-fuerstenfeldbruck","14":"tag-germany","15":"tag-landkreis-fuerstenfeldbruck","16":"tag-oberbayern","17":"tag-sueddeutsche-zeitung","18":"tag-unterhaltung"},"share_on_mastodon":{"url":"https:\/\/pubeurope.com\/@de\/114383687828100152","error":""},"_links":{"self":[{"href":"https:\/\/www.europesays.com\/de\/wp-json\/wp\/v2\/posts\/53051","targetHints":{"allow":["GET"]}}],"collection":[{"href":"https:\/\/www.europesays.com\/de\/wp-json\/wp\/v2\/posts"}],"about":[{"href":"https:\/\/www.europesays.com\/de\/wp-json\/wp\/v2\/types\/post"}],"author":[{"embeddable":true,"href":"https:\/\/www.europesays.com\/de\/wp-json\/wp\/v2\/users\/2"}],"replies":[{"embeddable":true,"href":"https:\/\/www.europesays.com\/de\/wp-json\/wp\/v2\/comments?post=53051"}],"version-history":[{"count":0,"href":"https:\/\/www.europesays.com\/de\/wp-json\/wp\/v2\/posts\/53051\/revisions"}],"wp:featuredmedia":[{"embeddable":true,"href":"https:\/\/www.europesays.com\/de\/wp-json\/wp\/v2\/media\/53052"}],"wp:attachment":[{"href":"https:\/\/www.europesays.com\/de\/wp-json\/wp\/v2\/media?parent=53051"}],"wp:term":[{"taxonomy":"category","embeddable":true,"href":"https:\/\/www.europesays.com\/de\/wp-json\/wp\/v2\/categories?post=53051"},{"taxonomy":"post_tag","embeddable":true,"href":"https:\/\/www.europesays.com\/de\/wp-json\/wp\/v2\/tags?post=53051"}],"curies":[{"name":"wp","href":"https:\/\/api.w.org\/{rel}","templated":true}]}}