{"id":530574,"date":"2025-10-27T13:42:13","date_gmt":"2025-10-27T13:42:13","guid":{"rendered":"https:\/\/www.europesays.com\/de\/530574\/"},"modified":"2025-10-27T13:42:13","modified_gmt":"2025-10-27T13:42:13","slug":"fortuna-duesseldorf-ticket-enttaeuschung-vor-dfb-pokal-gegen-sc-freiburg-sport","status":"publish","type":"post","link":"https:\/\/www.europesays.com\/de\/530574\/","title":{"rendered":"Fortuna D\u00fcsseldorf: Ticket-Entt\u00e4uschung vor DFB-Pokal gegen SC Freiburg | Sport"},"content":{"rendered":"<p><b>Die Sehnsucht war wohl nicht \u00fcberall so gro\u00df&#8230;<\/b><\/p>\n<p>Fast genau sechs Jahre wird es her sein, dass <a href=\"https:\/\/www.bild.de\/sport\/fussball\/fortuna-duesseldorf\/startseite-fortuna-duesseldorf-31148850.bild.html\" class=\"text-link\" target=\"_blank\" rel=\"noopener\">Fortuna D\u00fcsseldorf<\/a> ein Heimspiel im DFB-Pokal hatte, wenn am Mittwoch der SC Freiburg (20.45 Uhr\/Sky) zu Gast ist. Etliche Auslosungen hofften die Fans vergeblich auf Spiele in der Arena &#8211; nun bekommen sie endlich eins, doch die Reaktion darauf ist \u00fcberraschend bescheiden.<\/p>\n<p>Ticket-Entt\u00e4uschung bei Fortuna!<\/p>\n<p><b>Nach BILD-Informationen sind f\u00fcr die Partie in der 2. Runde erst 35.000 Karten verkauft worden.  Das liegt nat\u00fcrlich auch daran, dass Freiburg sein Kontingent nicht aussch\u00f6pft, doch auch in den neutralen Bereichen des Stadions werden viele Sitze leer bleiben. Und damit geht ein Trend weiter, den sich Fortuna in erster Linie selbst zuzuschreiben hat.<\/b><\/p>\n<p>Mehr zum Thema<\/p>\n<p>Denn die sportliche Krise macht sich auch ganz klar auf den R\u00e4ngen bemerkbar. Bei Freispielen im Zuge von \u201eFortuna f\u00fcr alle\u201c wird die H\u00fctte nach wie vor voll, das war sie gegen Karlsruhe (0:0) und wird sie am 22. November nach BILD-Informationen auch gegen Magdeburg (13 Uhr) sein. Doch die Schauer-Leistungen in der Arena (diese Saison kein Sieg) wollen sich viele D\u00fcsseldorfer offenbar nicht mehr ansehen, wenn sie Geld daf\u00fcr zahlen m\u00fcssen. Zuletzt gegen Braunschweig (0:3) war das Stadion mit 31.188 Zuschauern so leer wie seit dem 1:1 am 10. Februar 2024 gegen Elversberg (31.034) nicht mehr.<\/p>\n<p>Fortuna hofft, dass der Auftritt in Berlin trotz der 0:1-Niederlage die Lust auf den Stadionbesuch doch noch bei einigen weckt. Zumal der Abend f\u00fcr D\u00fcsseldorf eine riesige Chance ist, sich mit einer Pokal-\u00dcberraschung den Heim-Frust von der Seele zu feiern. <b>Markus Anfang (51): \u201eVielleicht ist die Situation mal gut f\u00fcr uns, dass wir in ein Spiel reingehen und viel gewinnen k\u00f6nnen.\u201c<\/b><\/p>\n<p>Es war nicht der Torwart!: Spektakul\u00e4re Parade in der Handball-Bundesliga<a class=\"anchor video-teaser__anchor\" href=\"https:\/\/www.bild.de\/sport\/mehr-sport\/es-war-nicht-der-torwart-spektakulaere-parade-beim-handball-68ff519f4f293c267309b185\" target=\"_blank\" rel=\"noopener\"><img decoding=\"async\" width=\"992\" height=\"558\" alt=\"Es war nicht der Torwart!: spektakul\u00e4re Parade beim Handball\" src=\"https:\/\/www.europesays.com\/de\/wp-content\/uploads\/2025\/10\/d4c41e9a90d688a9a88f4455fdf47d55,d1478f23\"   class=\"landscape teaser__image\" loading=\"lazy\"\/><\/a><\/p>\n<p>Quelle: DYN\/ BILD27.10.2025<\/p>\n<p>In den letzten Wochen war es vor allem darum gegangen, den Absturz irgendwie zu bremsen &#8211; jetzt geht Fortuna als klarer Underdog ins Spiel, alles andere als eine Niederlage gegen Europapokal-Teilnehmer Freiburg w\u00e4re eine \u00dcberraschung. Die Zuschauerzahl spricht nicht daf\u00fcr, dass so viele an die glauben&#8230;<\/p>\n","protected":false},"excerpt":{"rendered":"Die Sehnsucht war wohl nicht \u00fcberall so gro\u00df&#8230; Fast genau sechs Jahre wird es her sein, dass Fortuna&hellip;\n","protected":false},"author":2,"featured_media":530575,"comment_status":"","ping_status":"","sticky":false,"template":"","format":"standard","meta":{"footnotes":""},"categories":[1831],"tags":[621,14284,3364,29,1264,3405,3132,347,30,7762,1209,819,45,784],"class_list":{"0":"post-530574","1":"post","2":"type-post","3":"status-publish","4":"format-standard","5":"has-post-thumbnail","7":"category-duesseldorf","8":"tag-2-bundesliga","9":"tag-anfang-markus","10":"tag-de","11":"tag-deutschland","12":"tag-dfb-pokal","13":"tag-duesseldorf","14":"tag-fortuna-duesseldorf","15":"tag-fussball","16":"tag-germany","17":"tag-hochrainer-sebastian","18":"tag-nordrhein-westfalen","19":"tag-sport-leuchtturm-essen","20":"tag-texttospeech","21":"tag-zweite-bundesliga"},"share_on_mastodon":{"url":"https:\/\/pubeurope.com\/@de\/115446425375271876","error":""},"_links":{"self":[{"href":"https:\/\/www.europesays.com\/de\/wp-json\/wp\/v2\/posts\/530574","targetHints":{"allow":["GET"]}}],"collection":[{"href":"https:\/\/www.europesays.com\/de\/wp-json\/wp\/v2\/posts"}],"about":[{"href":"https:\/\/www.europesays.com\/de\/wp-json\/wp\/v2\/types\/post"}],"author":[{"embeddable":true,"href":"https:\/\/www.europesays.com\/de\/wp-json\/wp\/v2\/users\/2"}],"replies":[{"embeddable":true,"href":"https:\/\/www.europesays.com\/de\/wp-json\/wp\/v2\/comments?post=530574"}],"version-history":[{"count":0,"href":"https:\/\/www.europesays.com\/de\/wp-json\/wp\/v2\/posts\/530574\/revisions"}],"wp:featuredmedia":[{"embeddable":true,"href":"https:\/\/www.europesays.com\/de\/wp-json\/wp\/v2\/media\/530575"}],"wp:attachment":[{"href":"https:\/\/www.europesays.com\/de\/wp-json\/wp\/v2\/media?parent=530574"}],"wp:term":[{"taxonomy":"category","embeddable":true,"href":"https:\/\/www.europesays.com\/de\/wp-json\/wp\/v2\/categories?post=530574"},{"taxonomy":"post_tag","embeddable":true,"href":"https:\/\/www.europesays.com\/de\/wp-json\/wp\/v2\/tags?post=530574"}],"curies":[{"name":"wp","href":"https:\/\/api.w.org\/{rel}","templated":true}]}}