{"id":530576,"date":"2025-10-27T13:43:19","date_gmt":"2025-10-27T13:43:19","guid":{"rendered":"https:\/\/www.europesays.com\/de\/530576\/"},"modified":"2025-10-27T13:43:19","modified_gmt":"2025-10-27T13:43:19","slug":"studie-aus-stuttgart-rechte-populisten-die-alten-sind-reichsbuerger-die-jungen-auf-tiktok","status":"publish","type":"post","link":"https:\/\/www.europesays.com\/de\/530576\/","title":{"rendered":"Studie aus Stuttgart: Rechte Populisten \u2013 die Alten sind Reichsb\u00fcrger, die Jungen auf Tiktok"},"content":{"rendered":"<p>Die Gruppe von Menschen, die h\u00e4ufig rechtspopulistische Ansichten vertreten, umfasst laut einer <a href=\"https:\/\/www.stuttgarter-zeitung.de\/thema\/Studie\" title=\"Studie\" class=\"art_thema\" rel=\"nofollow noopener\" target=\"_blank\">Studie<\/a> der <a href=\"https:\/\/www.stuttgarter-zeitung.de\/thema\/Uni_Hohenheim\" title=\"Universit\u00e4t Hohenheim\" class=\"art_thema\" rel=\"nofollow noopener\" target=\"_blank\">Universit\u00e4t Hohenheim<\/a> besonders viele M\u00e4nner zwischen 45 und 59 Jahren. Doppelt so viele Menschen h\u00e4ngen in Ostdeutschland dem Populismus an wie in Westdeutschland. Und das Misstrauen gegen\u00fcber Massenmedien ist gro\u00df. <a href=\"https:\/\/www.stuttgarter-zeitung.de\/inhalt.studie-der-universitaet-hohenheim-17-prozent-der-deutschen-haben-rechtspopulistisches-weltbild.c678dabf-099d-4b3c-a813-28163a60dc88.html\" target=\"_blank\" rel=\"nofollow noopener\">Das Ergebnis der Studie<\/a>, die im Rahmen des sogenannten Demokratie-Monitorings stattgefunden hat, hat dieses Jahr wieder Zahlen hervorgebracht, die auf viele erschreckend wirken.<\/p>\n<p>Die Untersuchung wird seit 2021 jedes Jahr im Auftrag des Politikwissenschaftlers Frank Brettschneider durchgef\u00fchrt. Auf Nachfrage unserer Zeitung sagt der Hohenheimer Professor, dass er mit der Studie gleichzeitig herausfinden wolle, warum bestimmte Teile der Gesellschaft gef\u00e4hrlichen Ideologien anhingen, obwohl diese die Demokratie schw\u00e4chen wollten. \u201eDabei sind die Zahlen im Vergleich zu anderen L\u00e4ndern gar nicht so hoch\u201c, sagt er. \u00dcber die vergangenen Jahre seien sie zudem stabil geblieben. Das Besondere in Deutschland sei vielmehr, dass die Ansichten der Populisten \u00fcberproportional h\u00e4ufig Gegenstand \u00f6ffentlicher Debatten seien. <\/p>\n<p>Alles sei ganz anders \u2013 Verschw\u00f6rungsideologien im Fokus <\/p>\n<p>Auff\u00e4llig sei die N\u00e4he zu Verschw\u00f6rungsideologien und rechten Narrativen gewesen, insbesondere in der <a href=\"https:\/\/www.stuttgarter-zeitung.de\/inhalt.corona-symptome-herbst-2025-mhsd.ab564bb3-8337-4a43-93be-37c8b0762394.html\" target=\"_blank\" rel=\"nofollow noopener\">Zeit der Corona-Pandemie<\/a>. \u201eDas Delegitimieren einerseits und anderseits die Behauptung, alles sei ganz anders als wir denken, gehen da Hand in Hand\u201c, sagt er. Die Frage, die ihn interessiert habe, sei gewesen, in welchen Teilen der Gesellschaft man besonders oft denke, von \u201egeheimen M\u00e4chten\u201c kontrolliert zu werden. Auff\u00e4llig sei in seiner Studie auch gewesen, dass Menschen mit einem rechtspopulistischen Weltbild die Lebensqualit\u00e4t in ihrem Bundesland deutlich schlechter einsch\u00e4tzen w\u00fcrden als alle anderen. Sie w\u00fcrden auch pessimistischer auf die Zukunft blicken. \u00c4ltere Menschen w\u00fcrden der Ideologie auch aus anderen Gr\u00fcnden anh\u00e4ngen als junge Menschen. <\/p>\n<p>Das kann auch Andreas H\u00e4ssler best\u00e4tigen. Er ist Bildungsreferent bei der Beratungsstelle Mobirex gegen extreme Rechte und gruppenbezogene Menschenfeindlichkeit. Bei ihm melden sich tagt\u00e4glich Menschen, die Beratung suchen, wie sie mit Vorf\u00e4llen in ihrem direkten Umfeld umgehen sollen. Sein Wirkungsbereich deckt ganz Baden-W\u00fcrttemberg ab. <\/p>\n<p>Studie aus <a href=\"https:\/\/www.stuttgarter-zeitung.de\/thema\/Stuttgart\" title=\"Stuttgart\" class=\"art_thema\" rel=\"nofollow noopener\" target=\"_blank\">Stuttgart<\/a>: Mittelalte M\u00e4nner dominieren Reichsb\u00fcrgerszene   <img decoding=\"async\" loading=\"lazy\" src=\"https:\/\/www.europesays.com\/de\/wp-content\/uploads\/2025\/10\/media.media.5d520b5b-35ee-4794-8eb9-e73fd0278e1d.original1024.media.jpeg\"\/>     Der Kommunikationswissenschaftler Frank Brettschneider forscht an der Universit\u00e4t Hohenheim.    Foto: dpa\/Bernd Wei\u00dfbrod    <\/p>\n<p>Die hervorstechende Gruppe mittelalter M\u00e4nner, die laut der Stuttgarter Studie besonders h\u00e4ufig rechtspopulistische Ansichten vertritt, sei seiner Erfahrung nach auch besonders h\u00e4ufig der Ideologie der sogenannten Reichsb\u00fcrgerszene zuzuordnen. Laut dem Verfassungsschutz verneinen Reichsb\u00fcrger die Legitimit\u00e4t der Bundesrepublik. Sie fallen durch ein hohes Gewaltpotenzial auf. \u201eEs ist h\u00e4ufig ein bestimmtes Alter, in dem Menschen besonders anf\u00e4llig f\u00fcr Rechtspopulismus zu sein scheinen. Von viel \u00e4lteren Menschen kriegen wir wiederum wenig mit\u201c, so der Berater H\u00e4ssler. Laut einer Statistik des Verfassungsschutzes aus dem Jahr 2021 ist der Anteil der M\u00e4nner unter den Reichsb\u00fcrgern bei \u00fcber 70 Prozent. <\/p>\n<p>Noch problematischer findet er wiederum, dass die Zahl der jungen Menschen, die rechtes Gedankengut vertreten, deutlich ansteige. Das habe auch mit den perfiden Mitteln zu tun, mit denen rechtes Gedankengut an junge Menschen gelange. Beispielsweise gebe es eine Reihe neurechter Influencer, die auf sozialen Medien ihr Weltbild propagieren w\u00fcrden. \u201eEs gibt rechte Tiktokerinnen, die Beautytipps geben und nebenbei unterschwellig rechtes Gedankengut verbreiten\u201c, so H\u00e4ssler. Beliebt sei unter anderem eine Aktivistin mit dem Pseudonym Eingollan. Laut einer Untersuchung der Amadeu-Antonio-Stiftung sei ein Gro\u00dfteil der Profile rechter Influencer auf sozialen Netzwerken dem Umfeld der AfD und ihren Jugendorganisatoren zuzuordnen. <\/p>\n<p>Auch der Stuttgarter Kommunikationswissenschaftler Brettschneider best\u00e4tigt die Erfahrung, wonach soziale Medien einen erheblichen Beitrag leisten, dass manche Menschen ein negatives Weltbild erlangen. So verbreite sich in Teilen der Bev\u00f6lkerung eine regelrechte Weltuntergangsstimmung. \u201eIn der Gruppe der jungen M\u00e4nner \u00e4u\u00dfert sich das dann im Durchschnitt anders als in der Gruppe der jungen Frauen\u201c, so Brettschneider. W\u00e4hrend Letztere bei der Bundestagswahl \u00fcberdurchschnittlich oft die Linkspartei gew\u00e4hlt haben, haben Erstere \u00fcberdurchschnittlich oft die AfD gew\u00e4hlt.<\/p>\n","protected":false},"excerpt":{"rendered":"Die Gruppe von Menschen, die h\u00e4ufig rechtspopulistische Ansichten vertreten, umfasst laut einer Studie der Universit\u00e4t Hohenheim besonders viele&hellip;\n","protected":false},"author":2,"featured_media":530577,"comment_status":"","ping_status":"","sticky":false,"template":"","format":"standard","meta":{"footnotes":""},"categories":[1830],"tags":[1634,3364,29,30,38202,770,130431,11748,1441,85897,47215,5329],"class_list":{"0":"post-530576","1":"post","2":"type-post","3":"status-publish","4":"format-standard","5":"has-post-thumbnail","7":"category-stuttgart","8":"tag-baden-wuerttemberg","9":"tag-de","10":"tag-deutschland","11":"tag-germany","12":"tag-rechts","13":"tag-rechtsextremismus","14":"tag-rechtspopulismu","15":"tag-studie","16":"tag-stuttgart","17":"tag-textmanager","18":"tag-uni-hohenheim","19":"tag-video"},"share_on_mastodon":{"url":"https:\/\/pubeurope.com\/@de\/115446429303773871","error":""},"_links":{"self":[{"href":"https:\/\/www.europesays.com\/de\/wp-json\/wp\/v2\/posts\/530576","targetHints":{"allow":["GET"]}}],"collection":[{"href":"https:\/\/www.europesays.com\/de\/wp-json\/wp\/v2\/posts"}],"about":[{"href":"https:\/\/www.europesays.com\/de\/wp-json\/wp\/v2\/types\/post"}],"author":[{"embeddable":true,"href":"https:\/\/www.europesays.com\/de\/wp-json\/wp\/v2\/users\/2"}],"replies":[{"embeddable":true,"href":"https:\/\/www.europesays.com\/de\/wp-json\/wp\/v2\/comments?post=530576"}],"version-history":[{"count":0,"href":"https:\/\/www.europesays.com\/de\/wp-json\/wp\/v2\/posts\/530576\/revisions"}],"wp:featuredmedia":[{"embeddable":true,"href":"https:\/\/www.europesays.com\/de\/wp-json\/wp\/v2\/media\/530577"}],"wp:attachment":[{"href":"https:\/\/www.europesays.com\/de\/wp-json\/wp\/v2\/media?parent=530576"}],"wp:term":[{"taxonomy":"category","embeddable":true,"href":"https:\/\/www.europesays.com\/de\/wp-json\/wp\/v2\/categories?post=530576"},{"taxonomy":"post_tag","embeddable":true,"href":"https:\/\/www.europesays.com\/de\/wp-json\/wp\/v2\/tags?post=530576"}],"curies":[{"name":"wp","href":"https:\/\/api.w.org\/{rel}","templated":true}]}}