{"id":530578,"date":"2025-10-27T13:44:12","date_gmt":"2025-10-27T13:44:12","guid":{"rendered":"https:\/\/www.europesays.com\/de\/530578\/"},"modified":"2025-10-27T13:44:12","modified_gmt":"2025-10-27T13:44:12","slug":"polizei-sucht-zeugen-in-stuttgart-zwei-maenner-bei-pruegeleien-an-bahnhoefen-verletzt","status":"publish","type":"post","link":"https:\/\/www.europesays.com\/de\/530578\/","title":{"rendered":"Polizei sucht Zeugen in Stuttgart: Zwei M\u00e4nner bei Pr\u00fcgeleien an Bahnh\u00f6fen verletzt"},"content":{"rendered":"<p>\t\t\t\t\t\t\t\t\t\t\t\t\t\t\t\t\t\t\t\t\t\t\t\t\t\t\t\t      \t\t            \t\t             \t\t\t\t   \t\t\t\t\t   <img decoding=\"async\" id=\"article-image\" fetchpriority=\"high\" alt=\"Polizei sucht Zeugen in Stuttgart: Zwei M\u00e4nner bei Pr\u00fcgeleien an Bahnh\u00f6fen verletzt\" title=\"Polizei sucht Zeugen in Stuttgart: Zwei M\u00e4nner bei Pr\u00fcgeleien an Bahnh\u00f6fen verletzt\" src=\"https:\/\/www.europesays.com\/de\/wp-content\/uploads\/2025\/10\/media.media.a1fff053-abe9-441c-936f-b200c8d82986.16x9_700.jpg\" data-linkto=\"https:\/\/www.stuttgarter-nachrichten.de\/javascript:void(0);\"\/>\t\t\t\t\t\t\t\t\t\t\t\t\t\t\t\t\t\t\t\t\t\t\t\tUnter anderem am Bahnhof in Bad Cannstatt ist ein Mann am Wochenende verpr\u00fcgelt worden.\u00a0Foto: IMAGO\/Sportfoto Rudel\t\t\t<\/p>\n<p>Die Bundespolizei sucht nach Zeugen, die beobachtet haben, wie M\u00e4nner an Bahnh\u00f6fen in Bad Cannstatt und Stuttgart-Vaihingen verpr\u00fcgelt worden sind.<\/p>\n<p>Am Sonntagabend ist am <a href=\"https:\/\/www.stuttgarter-nachrichten.de\/thema\/Bahnhof\" title=\"Bahnhof\" class=\"art_thema\" rel=\"nofollow noopener\" target=\"_blank\">Bahnhof<\/a> Bad <a href=\"https:\/\/www.stuttgarter-nachrichten.de\/thema\/Stuttgart-Bad_Cannstatt\" title=\"Cannstatt\" class=\"art_thema\" rel=\"nofollow noopener\" target=\"_blank\">Cannstatt<\/a> ein 22-J\u00e4hriger verletzt worden. Laut <a href=\"https:\/\/www.stuttgarter-nachrichten.de\/thema\/Polizei\" title=\"Polizei\" class=\"art_thema\" rel=\"nofollow noopener\" target=\"_blank\">Polizei<\/a> hatte der Mann gegen 21.30 Uhr vor einer Gruppe von sieben Personen zun\u00e4chst auf den Boden gespuckt. Daraufhin sei es zu einem Streit gekommen. <\/p>\n<p>Zwei Personen aus der Gruppe sollen im weiteren Verlauf der Auseinandersetzung auf den 22-J\u00e4hrigen eingeschlagen und ihn verletzt haben. Aufgrund seiner Verletzungen musste der junge Mann in einem Krankenhaus behandelt werden. <\/p>\n<p>Die Polizei sp\u00fcrte einen der Tatverd\u00e4chtigen am Hauptbahnhof in <a href=\"https:\/\/www.stuttgarter-nachrichten.de\/thema\/Stuttgart\" title=\"Stuttgart\" class=\"art_thema\" rel=\"nofollow noopener\" target=\"_blank\">Stuttgart<\/a> auf. Die Beamten nahmen die Personalien des 21-J\u00e4hrigen auf.<\/p>\n<p>Zwei Unbekannte schlagen auf 24-J\u00e4hrigen ein <\/p>\n<p>Am Samstagmorgen war an der S-<a href=\"https:\/\/www.stuttgarter-nachrichten.de\/thema\/Deutsche_Bahn\" title=\"Bahn\" class=\"art_thema\" rel=\"nofollow noopener\" target=\"_blank\">Bahn<\/a>-Haltestelle <a href=\"https:\/\/www.stuttgarter-nachrichten.de\/thema\/Stuttgart-Vaihingen\" title=\"Stuttgart-Vaihingen\" class=\"art_thema\" rel=\"nofollow noopener\" target=\"_blank\">Stuttgart-Vaihingen<\/a> ein 24-J\u00e4hriger verpr\u00fcgelt worden. Das Opfer wurde laut Polizei gegen 4 Uhr von zwei bislang unbekannten Tatverd\u00e4chtigen angegriffen. Die beiden M\u00e4nner sollen auf das Opfer eingeschlagen und den Mann leicht verletzt haben. <\/p>\n<p>Als der Sicherheitsdienst der Deutschen Bahn auf die Situation aufmerksam wurde, seien die Tatverd\u00e4chtigen gefl\u00fcchtet. Dabei soll einer der Unbekannten einen Teleskopschlagstock verloren haben.<\/p>\n<p>In beiden F\u00e4llen ermittelt die Polizei wegen des Verdachts auf gef\u00e4hrliche K\u00f6rperverletzung. Zeugen der Vorf\u00e4lle in Bad Cannstatt oder in Stuttgart-Vaihingen werden gebeten, sich unter der Nummer 0711\/550491020 bei der Bundespolizei zu melden.<\/p>\n","protected":false},"excerpt":{"rendered":"Unter anderem am Bahnhof in Bad Cannstatt ist ein Mann am Wochenende verpr\u00fcgelt worden.\u00a0Foto: IMAGO\/Sportfoto Rudel Die Bundespolizei&hellip;\n","protected":false},"author":2,"featured_media":530579,"comment_status":"","ping_status":"","sticky":false,"template":"","format":"standard","meta":{"footnotes":""},"categories":[1830],"tags":[1634,2037,3364,2030,29,30,121,8248,6317,1441,5251,8674],"class_list":{"0":"post-530578","1":"post","2":"type-post","3":"status-publish","4":"format-standard","5":"has-post-thumbnail","7":"category-stuttgart","8":"tag-baden-wuerttemberg","9":"tag-bahnhof","10":"tag-de","11":"tag-deutsche-bahn","12":"tag-deutschland","13":"tag-germany","14":"tag-polizei","15":"tag-polizeibericht-stuttgart","16":"tag-pruegelei","17":"tag-stuttgart","18":"tag-stuttgart-bad-cannstatt","19":"tag-stuttgart-vaihingen"},"share_on_mastodon":{"url":"https:\/\/pubeurope.com\/@de\/115446432726372482","error":""},"_links":{"self":[{"href":"https:\/\/www.europesays.com\/de\/wp-json\/wp\/v2\/posts\/530578","targetHints":{"allow":["GET"]}}],"collection":[{"href":"https:\/\/www.europesays.com\/de\/wp-json\/wp\/v2\/posts"}],"about":[{"href":"https:\/\/www.europesays.com\/de\/wp-json\/wp\/v2\/types\/post"}],"author":[{"embeddable":true,"href":"https:\/\/www.europesays.com\/de\/wp-json\/wp\/v2\/users\/2"}],"replies":[{"embeddable":true,"href":"https:\/\/www.europesays.com\/de\/wp-json\/wp\/v2\/comments?post=530578"}],"version-history":[{"count":0,"href":"https:\/\/www.europesays.com\/de\/wp-json\/wp\/v2\/posts\/530578\/revisions"}],"wp:featuredmedia":[{"embeddable":true,"href":"https:\/\/www.europesays.com\/de\/wp-json\/wp\/v2\/media\/530579"}],"wp:attachment":[{"href":"https:\/\/www.europesays.com\/de\/wp-json\/wp\/v2\/media?parent=530578"}],"wp:term":[{"taxonomy":"category","embeddable":true,"href":"https:\/\/www.europesays.com\/de\/wp-json\/wp\/v2\/categories?post=530578"},{"taxonomy":"post_tag","embeddable":true,"href":"https:\/\/www.europesays.com\/de\/wp-json\/wp\/v2\/tags?post=530578"}],"curies":[{"name":"wp","href":"https:\/\/api.w.org\/{rel}","templated":true}]}}