{"id":530584,"date":"2025-10-27T13:47:15","date_gmt":"2025-10-27T13:47:15","guid":{"rendered":"https:\/\/www.europesays.com\/de\/530584\/"},"modified":"2025-10-27T13:47:15","modified_gmt":"2025-10-27T13:47:15","slug":"auftritt-in-melle-im-dezember-2025","status":"publish","type":"post","link":"https:\/\/www.europesays.com\/de\/530584\/","title":{"rendered":"Auftritt in Melle im Dezember 2025"},"content":{"rendered":"<p class=\"\">\n                    Es wird sehr schnell klar, was die Niederrheinerin Ingrid K\u00fchne in ihrem 4. Soloprogramm sagen will. Vieles ver\u00e4ndert sich in der Welt und da bezieht sie ganz klar Stellung, in dem sie den Satz: \u201eJa, aber ohne mich!\u201c heraushaut. Dann muss man auch mal \u00fcber Sachen diskutieren, warum zum Beispiel pl\u00f6tzlich Deckel an Flaschen dranh\u00e4ngen bleiben m\u00fcssen, oder warum sie das Thema Politik erst gar nicht anspricht. Als B\u00fcrgermeisterin w\u00fcrde sie viel lieber die Geburtstage der Menschen feiern, als sich \u00fcber etwas im Rat streiten. <\/p>\n<p>Es wird auch dieses Mal nicht laut, b\u00f6se oder schimpfend, sondern wie immer \u2013 einfach nur lustig. Sie freut sich auf ihr Publikum, das hoffentlich sagt: Ja, gerne mit mir!<\/p>\n<p>Freitag, 12. Dezember 2025 um 20 Uhr (Einlass 19 Uhr) im Forum Melle<br \/>Tickets gibt es zum Preis von 35,00 \u20ac in der Buchhandlung Sutm\u00f6ller in Melle, \u00fcber www.charakter-events.de \/ 0176-56307969 sowie \u00fcber Eventim.de (zzgl. Geb\u00fchren).<\/p>\n<p>Ingrid K\u00fchne kommt mit neuem Programm nach Melle &#8211;  \u201eJa, aber ohne mich!\u201c<br \/>12.12.2025, 20:00 Uhr bis 12.12.2025, 22:15 Uhr<\/p>\n<p>Dieser Text wurde erstellt von:<br \/>Christiane H\u00fcsing<br \/>CHarakter Events\n            <\/p>\n","protected":false},"excerpt":{"rendered":"Es wird sehr schnell klar, was die Niederrheinerin Ingrid K\u00fchne in ihrem 4. Soloprogramm sagen will. Vieles ver\u00e4ndert&hellip;\n","protected":false},"author":2,"featured_media":530585,"comment_status":"","ping_status":"","sticky":false,"template":"","format":"standard","meta":{"footnotes":""},"categories":[1828],"tags":[12690,106461,29,30,1420,3881,1209,3866],"class_list":{"0":"post-530584","1":"post","2":"type-post","3":"status-publish","4":"format-standard","5":"has-post-thumbnail","7":"category-koeln","8":"tag-auftritt","9":"tag-carl-kuehne-kg","10":"tag-deutschland","11":"tag-germany","12":"tag-koeln","13":"tag-moderator","14":"tag-nordrhein-westfalen","15":"tag-veranstaltungen"},"share_on_mastodon":{"url":"https:\/\/pubeurope.com\/@de\/115446444375149023","error":""},"_links":{"self":[{"href":"https:\/\/www.europesays.com\/de\/wp-json\/wp\/v2\/posts\/530584","targetHints":{"allow":["GET"]}}],"collection":[{"href":"https:\/\/www.europesays.com\/de\/wp-json\/wp\/v2\/posts"}],"about":[{"href":"https:\/\/www.europesays.com\/de\/wp-json\/wp\/v2\/types\/post"}],"author":[{"embeddable":true,"href":"https:\/\/www.europesays.com\/de\/wp-json\/wp\/v2\/users\/2"}],"replies":[{"embeddable":true,"href":"https:\/\/www.europesays.com\/de\/wp-json\/wp\/v2\/comments?post=530584"}],"version-history":[{"count":0,"href":"https:\/\/www.europesays.com\/de\/wp-json\/wp\/v2\/posts\/530584\/revisions"}],"wp:featuredmedia":[{"embeddable":true,"href":"https:\/\/www.europesays.com\/de\/wp-json\/wp\/v2\/media\/530585"}],"wp:attachment":[{"href":"https:\/\/www.europesays.com\/de\/wp-json\/wp\/v2\/media?parent=530584"}],"wp:term":[{"taxonomy":"category","embeddable":true,"href":"https:\/\/www.europesays.com\/de\/wp-json\/wp\/v2\/categories?post=530584"},{"taxonomy":"post_tag","embeddable":true,"href":"https:\/\/www.europesays.com\/de\/wp-json\/wp\/v2\/tags?post=530584"}],"curies":[{"name":"wp","href":"https:\/\/api.w.org\/{rel}","templated":true}]}}