{"id":530588,"date":"2025-10-27T13:50:14","date_gmt":"2025-10-27T13:50:14","guid":{"rendered":"https:\/\/www.europesays.com\/de\/530588\/"},"modified":"2025-10-27T13:50:14","modified_gmt":"2025-10-27T13:50:14","slug":"fw-m-regionalzug-kollidiert-mit-baum-giesing","status":"publish","type":"post","link":"https:\/\/www.europesays.com\/de\/530588\/","title":{"rendered":"FW-M: Regionalzug kollidiert mit Baum (Giesing)"},"content":{"rendered":"<p class=\"date\">27.10.2025 \u2013 14:46<\/p>\n<p class=\"customer\">\n                        <a class=\"story-customer\" title=\"weiter zum newsroom von Feuerwehr M\u00fcnchen\" href=\"https:\/\/www.presseportal.de\/blaulicht\/nr\/131419\" rel=\"nofollow noopener\" target=\"_blank\">Feuerwehr M\u00fcnchen<\/a>\n                    <\/p>\n<p><a class=\"glightbox-pseudo event-trigger\" href=\"https:\/\/cache.pressmailing.net\/thumbnail\/story_hires\/6a60a4ef-d87c-4708-889b-0f86a8d84996\/2025_10_27_Bahnstrec~M_RO__01_presse.jpg.jpg\" data-description=\"Einsatzkr\u00e4fte der Feuerwehr M\u00fcnchen bei einem Einsatz auf den Bahngleisen.\" data-category=\"medialightbox\" data-action=\"click\" data-label=\"single\" data-value=\"68ff77cf270000fd2cd1b3d4\" rel=\"nofollow noopener\" target=\"_blank\"><img decoding=\"async\" height=\"540\" with=\"720\" src=\"https:\/\/www.europesays.com\/de\/wp-content\/uploads\/2025\/10\/fw-m-regionalzug-kollidiert-mit-baum-giesing.jpeg\"   alt=\"FW-M: Regionalzug kollidiert mit Baum (Giesing)\" class=\"single\"\/><\/a><\/p>\n<p><a data-category=\"citylink-story-view\" data-action=\"click\" data-label=\"Citylink in Meldungsansicht\" class=\"story-city event-trigger\" href=\"https:\/\/www.presseportal.de\/regional\/M%FCnchen\" title=\"News aus M\u00fcnchen \" rel=\"nofollow noopener\" target=\"_blank\">M\u00fcnchen<\/a> (ots)<\/p>\n<p>Montag, 27. Oktober 2025; 11.20 Uhr<\/p>\n<p>Bahnstrecke M\u00fcnchen Rosenheim<\/p>\n<p>Am Montag ist ein Regionalzug auf die Bahnstrecke M\u00fcnchen &#8211; Rosenheim mit einem Baum kollidiert. Verletzt wurde niemand.<\/p>\n<p>Ein Baum ist gegen 11:20 Uhr zwischen Hauptbahnhof und Ostbahnhof gest\u00fcrzt. Dabei wurde die L\u00e4rmschutzwand durchbrochen und mehrere \u00c4ste hingen auf die Gleise. Ein vorbeifahrender Regionalzug der BRB, auf dem Weg nach M\u00fcnchen, kollidierte mit den \u00c4sten und wurde im Frontbereich besch\u00e4digt. Auch eine Lok auf dem Gegengleis streifte die \u00c4ste und wurde leicht besch\u00e4digt.<\/p>\n<p>Einsatzkr\u00e4fte der Feuerwehr M\u00fcnchen entfernten die Reste des Baums und unterst\u00fctzten bei der Entfernung der Teile der L\u00e4rmschutzwand mit einem Trennschleifer. Zeitgleich wurde der Personenzug ger\u00e4umt. Etwa 400 Fahrg\u00e4ste konnten den Zug verlassen und zu Fu\u00df zur n\u00e4chsten U-Bahn-Haltestelle gehen. Zwei Personen mit Sehbehinderung und zwei weitere Personen mit Geheinschr\u00e4nkung wurden durch Einsatzkr\u00e4fte der Feuerwehr zum M\u00fcnchner Hauptbahnhof gebracht. Die Bahnstrecke war f\u00fcr mehrere Stunden gesperrt.<\/p>\n<p>Die H\u00f6he des entstandenen Sachschadens ist der Feuerwehr nicht bekannt.<\/p>\n<p>(bro)<\/p>\n<p class=\"contact-headline\">R\u00fcckfragen von Medienvertretern bitte an:<\/p>\n<p class=\"contact-text\">Pressekontakt:<br \/>Feuerwehr M\u00fcnchen<br \/>Pressestelle<br \/>Telefon: 089 \/ 2353 31311<br \/>(Montag bis Donnerstag von 08:30 bis 15:00 Uhr, Freitag von 08:30 bis<br \/>12:00 Uhr)<br \/>E-Mail: <a href=\"https:\/\/www.presseportal.de\/blaulicht\/pm\/131419\/mailto: presse.feuerwehr@muenchen.de\" class=\"uri-mailto\" rel=\"nofollow noopener\" target=\"_blank\"> presse.feuerwehr@muenchen.de<\/a><\/p>\n<p>Internet: <a target=\"_blank\" class=\"uri-ext outbound\" rel=\"noopener nofollow\" href=\"https:\/\/www.feuerwehr-muenchen.de\">www.feuerwehr-muenchen.de<\/a><br \/>Twitter: <a target=\"_blank\" class=\"uri-ext outbound\" rel=\"noopener nofollow\" href=\"https:\/\/www.twitter.com\/BFMuenchen\">www.twitter.com\/BFMuenchen<\/a><br \/>Facebook: <a target=\"_blank\" class=\"uri-ext outbound\" rel=\"noopener nofollow\" href=\"https:\/\/www.facebook.com\/feuerwehr.muenchen\/\">www.facebook.com\/feuerwehr.muenchen\/<\/a><br \/>LinkedIn: <a target=\"_blank\" class=\"uri-ext outbound\" rel=\"noopener nofollow\" href=\"https:\/\/www.linkedin.com\/company\/feuerwehrmuenchen\">www.linkedin.com\/company\/feuerwehrmuenchen<\/a><br \/>Instagram: <a target=\"_blank\" class=\"uri-ext outbound\" rel=\"noopener nofollow\" href=\"https:\/\/www.instagram.com\/feuerwehrmuenchen\/\">www.instagram.com\/feuerwehrmuenchen\/<\/a><\/p>\n<p class=\"originator\">Original-Content von: Feuerwehr M\u00fcnchen, \u00fcbermittelt durch news aktuell<\/p>\n<p>            <script async src=\"https:\/\/platform.twitter.com\/widgets.js\" charset=\"utf-8\"><\/script><script async src=\"\/\/www.instagram.com\/embed.js\"><\/script><\/p>\n","protected":false},"excerpt":{"rendered":"27.10.2025 \u2013 14:46 Feuerwehr M\u00fcnchen M\u00fcnchen (ots) Montag, 27. Oktober 2025; 11.20 Uhr Bahnstrecke M\u00fcnchen Rosenheim Am Montag&hellip;\n","protected":false},"author":2,"featured_media":530589,"comment_status":"","ping_status":"","sticky":false,"template":"","format":"standard","meta":{"footnotes":""},"categories":[1827],"tags":[772,2918,29,985,30,1268,3908,178,180,179,181,11131,1284,4028],"class_list":{"0":"post-530588","1":"post","2":"type-post","3":"status-publish","4":"format-standard","5":"has-post-thumbnail","7":"category-muenchen","8":"tag-bayern","9":"tag-by","10":"tag-deutschland","11":"tag-feuerwehr","12":"tag-germany","13":"tag-muenchen","14":"tag-notfallrettung","15":"tag-presse","16":"tag-pressemeldung","17":"tag-pressemitteilung","18":"tag-pressemitteilungen","19":"tag-technische-hilfeleistung","20":"tag-unfall","21":"tag-unwetter"},"share_on_mastodon":{"url":"https:\/\/pubeurope.com\/@de\/115446457027981658","error":""},"_links":{"self":[{"href":"https:\/\/www.europesays.com\/de\/wp-json\/wp\/v2\/posts\/530588","targetHints":{"allow":["GET"]}}],"collection":[{"href":"https:\/\/www.europesays.com\/de\/wp-json\/wp\/v2\/posts"}],"about":[{"href":"https:\/\/www.europesays.com\/de\/wp-json\/wp\/v2\/types\/post"}],"author":[{"embeddable":true,"href":"https:\/\/www.europesays.com\/de\/wp-json\/wp\/v2\/users\/2"}],"replies":[{"embeddable":true,"href":"https:\/\/www.europesays.com\/de\/wp-json\/wp\/v2\/comments?post=530588"}],"version-history":[{"count":0,"href":"https:\/\/www.europesays.com\/de\/wp-json\/wp\/v2\/posts\/530588\/revisions"}],"wp:featuredmedia":[{"embeddable":true,"href":"https:\/\/www.europesays.com\/de\/wp-json\/wp\/v2\/media\/530589"}],"wp:attachment":[{"href":"https:\/\/www.europesays.com\/de\/wp-json\/wp\/v2\/media?parent=530588"}],"wp:term":[{"taxonomy":"category","embeddable":true,"href":"https:\/\/www.europesays.com\/de\/wp-json\/wp\/v2\/categories?post=530588"},{"taxonomy":"post_tag","embeddable":true,"href":"https:\/\/www.europesays.com\/de\/wp-json\/wp\/v2\/tags?post=530588"}],"curies":[{"name":"wp","href":"https:\/\/api.w.org\/{rel}","templated":true}]}}