{"id":530595,"date":"2025-10-27T13:54:10","date_gmt":"2025-10-27T13:54:10","guid":{"rendered":"https:\/\/www.europesays.com\/de\/530595\/"},"modified":"2025-10-27T13:54:10","modified_gmt":"2025-10-27T13:54:10","slug":"berlin-brandenburg-nach-schuessen-aus-fahrendem-auto-angeklagter-schweigt","status":"publish","type":"post","link":"https:\/\/www.europesays.com\/de\/530595\/","title":{"rendered":"Berlin &#038; Brandenburg: Nach Sch\u00fcssen aus fahrendem Auto: Angeklagter schweigt"},"content":{"rendered":"<p>                    Berlin &amp; Brandenburg<br \/>\n                Nach Sch\u00fcssen aus fahrendem Auto: Angeklagter schweigt<\/p>\n<p>\t\t\t\t              27.10.2025, 14:27 Uhr<\/p>\n<p><strong>Vier M\u00e4nner k\u00f6nnen in Deckung gehen, als in Berlin-Reinickendorf mehrmals aus einem fahrenden Auto geschossen wird. Die Ermittler gehen schnell von einem Familienstreit als Hintergrund der Tat aus.<\/strong><\/p>\n<p>Berlin (dpa\/bb) &#8211; Nach Sch\u00fcssen auf eine Gruppe von vier M\u00e4nnern schweigt der mutma\u00dfliche Angreifer vor dem Berliner Landgericht. Dem 37-J\u00e4hrigen werden unter anderem versuchter Totschlag in vier F\u00e4llen und K\u00f6rperverletzung zur Last gelegt. Die Attackierten, darunter ein Schwager des Angeklagten, sollen ihn kurz vor den Sch\u00fcssen aus einer Wohnung gewiesen haben, in der sich seine Ehefrau aufhielt. Der Verteidiger k\u00fcndigte zum Prozessbeginn an, sein Mandant werde sich nicht \u00e4u\u00dfern.<\/p>\n<p>Laut Anklage soll der Mann am 1. April dieses Jahres seine Ehefrau geschlagen und an den Haaren gezogen haben. Sie habe daraufhin die gemeinsame Wohnung verlassen und bei Verwandten Zuflucht gesucht. Eine R\u00fcckkehr habe sie abgelehnt, woraufhin er der Wohnung verwiesen worden sei.<\/p>\n<p>M\u00e4nner warfen sich zu Boden\u00a0<\/p>\n<p>Am 6. April gegen 22.45 Uhr soll der 37-J\u00e4hrige mehrere Sch\u00fcsse aus einem fahrenden Auto im M\u00e4rkischen Viertel in Berlin-Reinickendorf abgegeben haben. Mindestens drei Kugeln in Richtung einer Gruppe von vier M\u00e4nnern im Alter von 34 bis 59 Jahren seien es gewesen, so die Anklage. Die Attackierten, darunter ein Bruder der Ehefrau, h\u00e4tten sich auf den Boden werfen und so in Deckung bringen k\u00f6nnen.<\/p>\n<p>Der Angeklagte mit t\u00fcrkischer Staatsangeh\u00f6rigkeit soll danach in seine Heimatstadt Wiesbaden in Hessen geflohen sein. Dort wurde er wenige Stunden nach den Sch\u00fcssen festgenommen. Er befindet sich seitdem in Untersuchungshaft. F\u00fcr den Prozess sind bislang f\u00fcnf weitere Verhandlungstage bis zum 19. November angesetzt.<\/p>\n","protected":false},"excerpt":{"rendered":"Berlin &amp; Brandenburg Nach Sch\u00fcssen aus fahrendem Auto: Angeklagter schweigt 27.10.2025, 14:27 Uhr Vier M\u00e4nner k\u00f6nnen in Deckung&hellip;\n","protected":false},"author":2,"featured_media":530596,"comment_status":"","ping_status":"","sticky":false,"template":"","format":"standard","meta":{"footnotes":""},"categories":[1816],"tags":[1960,1958,1959,1957,4192,513,296,1956,1890,29,30,9347,10041],"class_list":{"0":"post-530595","1":"post","2":"type-post","3":"status-publish","4":"format-standard","5":"has-post-thumbnail","7":"category-brandenburg","8":"tag-aktuelle-nachrichten-aus-berlin-und-brandenburg","9":"tag-aktuelle-nachrichten-aus-brandenburg","10":"tag-aktuelle-news-aus-berlin-und-brandenburg","11":"tag-aktuelle-news-aus-brandenburg","12":"tag-angeklagter","13":"tag-auto","14":"tag-berlin","15":"tag-berlin-und-brandenburg","16":"tag-brandenburg","17":"tag-deutschland","18":"tag-germany","19":"tag-nach","20":"tag-schuessen"},"share_on_mastodon":{"url":"https:\/\/pubeurope.com\/@de\/115446471982877223","error":""},"_links":{"self":[{"href":"https:\/\/www.europesays.com\/de\/wp-json\/wp\/v2\/posts\/530595","targetHints":{"allow":["GET"]}}],"collection":[{"href":"https:\/\/www.europesays.com\/de\/wp-json\/wp\/v2\/posts"}],"about":[{"href":"https:\/\/www.europesays.com\/de\/wp-json\/wp\/v2\/types\/post"}],"author":[{"embeddable":true,"href":"https:\/\/www.europesays.com\/de\/wp-json\/wp\/v2\/users\/2"}],"replies":[{"embeddable":true,"href":"https:\/\/www.europesays.com\/de\/wp-json\/wp\/v2\/comments?post=530595"}],"version-history":[{"count":0,"href":"https:\/\/www.europesays.com\/de\/wp-json\/wp\/v2\/posts\/530595\/revisions"}],"wp:featuredmedia":[{"embeddable":true,"href":"https:\/\/www.europesays.com\/de\/wp-json\/wp\/v2\/media\/530596"}],"wp:attachment":[{"href":"https:\/\/www.europesays.com\/de\/wp-json\/wp\/v2\/media?parent=530595"}],"wp:term":[{"taxonomy":"category","embeddable":true,"href":"https:\/\/www.europesays.com\/de\/wp-json\/wp\/v2\/categories?post=530595"},{"taxonomy":"post_tag","embeddable":true,"href":"https:\/\/www.europesays.com\/de\/wp-json\/wp\/v2\/tags?post=530595"}],"curies":[{"name":"wp","href":"https:\/\/api.w.org\/{rel}","templated":true}]}}