{"id":53060,"date":"2025-04-22T21:19:17","date_gmt":"2025-04-22T21:19:17","guid":{"rendered":"https:\/\/www.europesays.com\/de\/53060\/"},"modified":"2025-04-22T21:19:17","modified_gmt":"2025-04-22T21:19:17","slug":"fc-barcelona-rcd-mallorca-im-liveticker-olmo-trifft-direkt-nach-wiederanpfiff","status":"publish","type":"post","link":"https:\/\/www.europesays.com\/de\/53060\/","title":{"rendered":"FC Barcelona &#8211; RCD Mallorca im Liveticker: Olmo trifft direkt nach Wiederanpfiff"},"content":{"rendered":"<p><strong>Der FC Barcelona empf\u00e4ngt den RCD Mallorca am 33. Spieltag der Primera Divisi\u00f3n (21:30 Uhr). Es ist der letzte Einsatz vor dem Finale der Copa del Rey. Die 90 Minuten im Liveticker.<\/strong><\/p>\n<p><strong>\u00bb <a href=\"https:\/\/onefootball.link\/3Y44r0I\" target=\"_blank\" rel=\"noopener\">Bar\u00e7a\u00a0\u2013 Real Madrid: Finale der Copa del Rey f\u00fcr 2,99 Euro im Pay-Per-View<\/a><\/strong><\/p>\n<p>LaLiga: FC Barcelona \u2013 RCD Mallorca im Liveticker<\/p>\n<p>Aufstellung: Szczesny \u2013 Garc\u00eda, Ara\u00fajo, Mart\u00ednez, Fort (77. Mart\u00edn) \u2013 Gavi, Pedri \u2013 Yamal (87. De Jong), Olmo (62. L\u00f3pez), Fati (62. Raphinha) \u2013 Torres (77. V\u00edctor).<\/p>\n<p>\ufeff\ufeff\ufeff<\/p>\n<p><img decoding=\"async\" src=\"https:\/\/www.europesays.com\/de\/wp-content\/uploads\/2025\/04\/d003a7c012714ed28407f329785f752e.gif\" alt=\"\" width=\"https:\/\/www.barcawelt.de\/la-liga\/fc-barcelona-vs-rcd-mallorca-laliga-2024-25-liveticker-bericht\/1\" height=\"https:\/\/www.barcawelt.de\/la-liga\/fc-barcelona-vs-rcd-mallorca-laliga-2024-25-liveticker-bericht\/1\"\/><\/p>\n","protected":false},"excerpt":{"rendered":"Der FC Barcelona empf\u00e4ngt den RCD Mallorca am 33. Spieltag der Primera Divisi\u00f3n (21:30 Uhr). Es ist der&hellip;\n","protected":false},"author":2,"featured_media":53061,"comment_status":"","ping_status":"","sticky":false,"template":"","format":"standard","meta":{"footnotes":""},"categories":[136],"tags":[29,8834,30,348,188,5083,301,265],"class_list":{"0":"post-53060","1":"post","2":"type-post","3":"status-publish","4":"format-standard","5":"has-post-thumbnail","7":"category-sport","8":"tag-deutschland","9":"tag-fc-barcelona","10":"tag-germany","11":"tag-la-liga","12":"tag-liveticker","13":"tag-rcd-mallorca","14":"tag-spielbericht","15":"tag-sport"},"share_on_mastodon":{"url":"https:\/\/pubeurope.com\/@de\/114383707484378693","error":""},"_links":{"self":[{"href":"https:\/\/www.europesays.com\/de\/wp-json\/wp\/v2\/posts\/53060","targetHints":{"allow":["GET"]}}],"collection":[{"href":"https:\/\/www.europesays.com\/de\/wp-json\/wp\/v2\/posts"}],"about":[{"href":"https:\/\/www.europesays.com\/de\/wp-json\/wp\/v2\/types\/post"}],"author":[{"embeddable":true,"href":"https:\/\/www.europesays.com\/de\/wp-json\/wp\/v2\/users\/2"}],"replies":[{"embeddable":true,"href":"https:\/\/www.europesays.com\/de\/wp-json\/wp\/v2\/comments?post=53060"}],"version-history":[{"count":0,"href":"https:\/\/www.europesays.com\/de\/wp-json\/wp\/v2\/posts\/53060\/revisions"}],"wp:featuredmedia":[{"embeddable":true,"href":"https:\/\/www.europesays.com\/de\/wp-json\/wp\/v2\/media\/53061"}],"wp:attachment":[{"href":"https:\/\/www.europesays.com\/de\/wp-json\/wp\/v2\/media?parent=53060"}],"wp:term":[{"taxonomy":"category","embeddable":true,"href":"https:\/\/www.europesays.com\/de\/wp-json\/wp\/v2\/categories?post=53060"},{"taxonomy":"post_tag","embeddable":true,"href":"https:\/\/www.europesays.com\/de\/wp-json\/wp\/v2\/tags?post=53060"}],"curies":[{"name":"wp","href":"https:\/\/api.w.org\/{rel}","templated":true}]}}