{"id":53066,"date":"2025-04-22T21:22:09","date_gmt":"2025-04-22T21:22:09","guid":{"rendered":"https:\/\/www.europesays.com\/de\/53066\/"},"modified":"2025-04-22T21:22:09","modified_gmt":"2025-04-22T21:22:09","slug":"elon-musk-tesla-umsatz-bricht-ein","status":"publish","type":"post","link":"https:\/\/www.europesays.com\/de\/53066\/","title":{"rendered":"Elon Musk: Tesla-Umsatz bricht ein"},"content":{"rendered":"<p>Aktualisiert am 22.04.2025 &#8211; 23:04 UhrLesedauer: 3 Min.<\/p>\n<p><a href=\"#focus-0\" class=\"transition-colors duration-200 focus-within:text-magenta block text-current relative\" data-sctrack=\"FocusGalleryImage.Reference\"><img fetchpriority=\"high\" data-testid=\"Opener.Image\" style=\"--lqipURL:url('https:\/\/images.t-online.de\/2025\/03\/mMt8IT0GYrii\/309x198:3291x1851\/fit-in\/150x0\/filters:blur(25)\/elon-musk-der-multimilliardaer-wird-scharf-von-seiner-tochter-kritisiert.jpg')\"   loading=\"eager\" src=\"https:\/\/www.europesays.com\/de\/wp-content\/uploads\/2025\/04\/elon-musk-der-multimilliardaer-wird-scharf-von-seiner-tochter-kritisiert.jpg\" alt=\"Elon Musk: Der Multimilliard\u00e4r wird scharf von seiner Tochter kritisiert.\" title=\"Elon Musk: Der Multimilliard\u00e4r wird scharf von seiner Tochter kritisiert.\" width=\"3291\" height=\"1851\" class=\"bg-[url:var(--lqipURL)] bg-cover bg-center flex w-full max-w-full h-full\" decoding=\"async\"\/><img style=\"--width:32;--height:32\" loading=\"lazy\" src=\"https:\/\/www.europesays.com\/de\/wp-content\/uploads\/2025\/03\/zoom-in.f7dae02f.svg.svg+xml\" alt=\"Vergr\u00f6\u00dfern des Bildes\" title=\"Vergr\u00f6\u00dfern des Bildes\" class=\"&#10;        block&#10;        h-[calc(var(--height)_\/_16_*_1rem)]&#10;        w-[calc(var(--width)_\/_16_*_1rem)]&#10;        max-w-none&#10;        absolute bottom-8 right-8 rounded-4 bg-snow p-8\" decoding=\"async\"\/><\/a><\/p>\n<p>Elon Musk: Sein Unternehmen Tesla macht deutlich weniger Gewinn als im vergangenen Jahr. (Quelle: IMAGO\/Beata Zawrzel)<\/p>\n<p class=\"font-bold text-18 leading-17\">Tesla hat in den vergangenen Monaten deutlich weniger Autos verkauft. Das zeigt sich auch in den Quartalszahlen.<\/p>\n<p class=\"text-18 leading-17\"><a class=\"transition-colors duration-200 cursor-pointer text-inherit no-underline text-salemsfur md:hover:text-magenta md:hover:border-magenta md:focus:text-magenta border-current border-b border-solid break-words\" href=\"https:\/\/www.t-online.de\/finanzen\/boerse\/aktien\/tesla-aktie\/us88160r1014\/\" data-sctrack=\"BodyAnchor\" target=\"_blank\" rel=\"noopener\">Tesla<\/a> hat das vergangene Quartal nach einem Modellwechsel und Kontroversen um die politische Rolle von Firmenchef <a class=\"transition-colors duration-200 cursor-pointer text-inherit no-underline text-salemsfur md:hover:text-magenta md:hover:border-magenta md:focus:text-magenta border-current border-b border-solid break-words\" href=\"https:\/\/www.t-online.de\/themen\/elon-musk\/\" data-sctrack=\"BodyAnchor\" target=\"_blank\" rel=\"noopener\">Elon Musk<\/a> mit deutlichen R\u00fcckg\u00e4ngen bei Umsatz und Gewinn abgeschlossen. Die Erl\u00f6se fielen im Jahresvergleich um neun Prozent auf gut 19,3 Milliarden Dollar. Letztlich brach der Gewinn im Vergleich zum Vorjahreszeitraum um 71 Prozent auf 409 Millionen <a class=\"transition-colors duration-200 cursor-pointer text-inherit no-underline text-salemsfur md:hover:text-magenta md:hover:border-magenta md:focus:text-magenta border-current border-b border-solid break-words\" href=\"https:\/\/www.t-online.de\/finanzen\/boerse\/waehrung\/eur-usd\/eu0009652759\/\" data-sctrack=\"BodyAnchor\" target=\"_blank\" rel=\"noopener\">US-Dollar<\/a> ein.<\/p>\n<p class=\"text-18 leading-17\">Tesla verfehlte mit den Zahlen die Erwartungen der Analysten. Sie hatten beim Umsatz im Schnitt mit gut 21 Milliarden Dollar gerechnet. Beim bereinigten Gewinn pro Aktie kam Tesla auf 0,27 Dollar, w\u00e4hrend am Markt im Schnitt 0,39 Dollar erwartet worden waren.<\/p>\n<p class=\"text-18 leading-17\">Die Aktie schwankte im nachb\u00f6rslichen Handel zwischen leichten Gewinnen und leichten Verlusten. Tesla best\u00e4tigte zugleich, dass noch im ersten Halbjahr 2025 die Produktion g\u00fcnstigerer Modellvarianten beginnen solle. Auch wurde bekr\u00e4ftigt, dass ein Robotaxi ohne Lenkrad und Pedale ab 2026 gefertigt werden soll.<\/p>\n<p class=\"text-18 leading-17\">Dabei steht nicht allein Musks politische Haltung in der Kritik, sondern vor allem auch der zeitliche Aufwand, den seine T\u00e4tigkeit als Berater von US-Pr\u00e4sident <a class=\"transition-colors duration-200 cursor-pointer text-inherit no-underline text-salemsfur md:hover:text-magenta md:hover:border-magenta md:focus:text-magenta border-current border-b border-solid break-words\" href=\"https:\/\/www.t-online.de\/themen\/donald-trump\/\" data-sctrack=\"BodyAnchor\" target=\"_blank\" rel=\"noopener\">Donald Trump<\/a> und Leiter der Effizienzbeh\u00f6rde Doge mit sich bringt. Demokratische Schatzmeister aus sieben US-Bundesstaaten hatten deshalb noch vor der Ver\u00f6ffentlichung der Quartalszahlen ihre Sorge dar\u00fcber ge\u00e4u\u00dfert, dass Musk Tesla nicht gen\u00fcgend Aufmerksamkeit widmet. Angesichts der Bedeutung des Unternehmens f\u00fcr die regionale Wirtschaft, Innovation und Besch\u00e4ftigung stelle dies ein Risiko dar, hei\u00dft es in einem offenen Brief an das Tesla-Board vom 17. April.<\/p>\n<p class=\"text-18 leading-17\">In dem Schreiben betonen die Schatzmeister die Notwendigkeit, dass Unternehmen wie Tesla in einem unsicheren wirtschaftlichen Umfeld wieder zu einem &#8222;stabilen und fokussierten Kurs&#8220; zur\u00fcckkehren m\u00fcssten. Ein Scheitern Teslas w\u00fcrde nicht nur Aktion\u00e4re treffen, sondern Auswirkungen auf die regionale Wirtschaft, den Arbeitsmarkt und das Vertrauen in die Energiewende haben, warnten unter anderem die kalifornische Finanzkontrolleurin Malia Cohen sowie die Schatzmeister aus <a class=\"transition-colors duration-200 cursor-pointer text-inherit no-underline text-salemsfur md:hover:text-magenta md:hover:border-magenta md:focus:text-magenta border-current border-b border-solid break-words\" href=\"https:\/\/www.t-online.de\/themen\/washington\/\" data-sctrack=\"BodyAnchor\" target=\"_blank\" rel=\"noopener\">Washington<\/a>, Illinois und weiteren Bundesstaaten.<\/p>\n<p class=\"text-18 leading-17\">Die Unterzeichner fordern vom Board Auskunft dar\u00fcber, wie sichergestellt werde, dass Musk und das Managementteam gen\u00fcgend Zeit und Ressourcen auf die L\u00f6sung der operativen Probleme verwenden. Zudem solle das Gremium darlegen, wie die Verg\u00fctung des Top-Managements im Einklang mit dem Aktion\u00e4rswert und der Unternehmensverantwortung stehe. Von dem Konzern war zun\u00e4chst keine Stellungnahme erh\u00e4ltlich.<\/p>\n<p class=\"text-18 leading-17\">Marktbeobachter d\u00fcrften auch deshalb auf die Telefonkonferenz gespannt sein, in der sich Musk Fragen zu den Quartalszahlen stellt. In der Vergangenheit \u00fcberspielte er oft schw\u00e4chere Ergebnisse mit Versprechen gro\u00dfer Erfolge in der Zukunft. So behauptet er, dass Roboter und selbstfahrende Autos den Konzern zum mit Abstand wertvollsten Unternehmen der Welt machen k\u00f6nnen.<\/p>\n","protected":false},"excerpt":{"rendered":"Aktualisiert am 22.04.2025 &#8211; 23:04 UhrLesedauer: 3 Min. Elon Musk: Sein Unternehmen Tesla macht deutlich weniger Gewinn als&hellip;\n","protected":false},"author":2,"featured_media":53067,"comment_status":"","ping_status":"","sticky":false,"template":"","format":"standard","meta":{"footnotes":""},"categories":[134],"tags":[1217,326,11554,513,175,170,169,29,444,30,171,174,25223,173,172],"class_list":{"0":"post-53066","1":"post","2":"type-post","3":"status-publish","4":"format-standard","5":"has-post-thumbnail","7":"category-unternehmen-maerkte","8":"tag-1217","9":"tag-326","10":"tag-aktie","11":"tag-auto","12":"tag-business","13":"tag-companies","14":"tag-companies-markets","15":"tag-deutschland","16":"tag-elon-musk","17":"tag-germany","18":"tag-markets","19":"tag-maerkte","20":"tag-quartalszahl","21":"tag-unternehmen","22":"tag-unternehmen-maerkte"},"share_on_mastodon":{"url":"https:\/\/pubeurope.com\/@de\/114383719793818839","error":""},"_links":{"self":[{"href":"https:\/\/www.europesays.com\/de\/wp-json\/wp\/v2\/posts\/53066","targetHints":{"allow":["GET"]}}],"collection":[{"href":"https:\/\/www.europesays.com\/de\/wp-json\/wp\/v2\/posts"}],"about":[{"href":"https:\/\/www.europesays.com\/de\/wp-json\/wp\/v2\/types\/post"}],"author":[{"embeddable":true,"href":"https:\/\/www.europesays.com\/de\/wp-json\/wp\/v2\/users\/2"}],"replies":[{"embeddable":true,"href":"https:\/\/www.europesays.com\/de\/wp-json\/wp\/v2\/comments?post=53066"}],"version-history":[{"count":0,"href":"https:\/\/www.europesays.com\/de\/wp-json\/wp\/v2\/posts\/53066\/revisions"}],"wp:featuredmedia":[{"embeddable":true,"href":"https:\/\/www.europesays.com\/de\/wp-json\/wp\/v2\/media\/53067"}],"wp:attachment":[{"href":"https:\/\/www.europesays.com\/de\/wp-json\/wp\/v2\/media?parent=53066"}],"wp:term":[{"taxonomy":"category","embeddable":true,"href":"https:\/\/www.europesays.com\/de\/wp-json\/wp\/v2\/categories?post=53066"},{"taxonomy":"post_tag","embeddable":true,"href":"https:\/\/www.europesays.com\/de\/wp-json\/wp\/v2\/tags?post=53066"}],"curies":[{"name":"wp","href":"https:\/\/api.w.org\/{rel}","templated":true}]}}